{"id":4379,"date":"2023-04-18T15:50:44","date_gmt":"2023-04-18T15:50:44","guid":{"rendered":"https:\/\/defrentealaverdad.com\/?p=4379"},"modified":"2024-11-19T19:38:16","modified_gmt":"2024-11-19T19:38:16","slug":"el-ministerio-de-agricultura-entrego-un-subsidio-de-rd50-millones-a-pequenos-y-medianos-productores-avicolas","status":"publish","type":"post","link":"https:\/\/defrentealaverdad.com\/index.php\/2023\/04\/18\/el-ministerio-de-agricultura-entrego-un-subsidio-de-rd50-millones-a-pequenos-y-medianos-productores-avicolas\/","title":{"rendered":"El Ministerio de Agricultura entreg\u00f3 un subsidio de RD$50 millones a peque\u00f1os y medianos productores av\u00edcolas"},"content":{"rendered":"<div style=\"text-align: justify;\"><\/div>\n<div style=\"text-align: justify;\"><\/div>\n<div style=\"text-align: justify;\">SANTO DOMINGO. El presidente de la Asociaci\u00f3n Dominicana de Avicultura (ADA), Jos\u00e9 Luis Polanco, anunci\u00f3 este domingo que la semana pasada el Ministerio de Agricultura entreg\u00f3 un subsidio de 50 millones de pesos a los peque\u00f1os y medianos avicultores para el programa de venta de gallinas ponedoras que han cumplido su ciclo productivo.<\/div>\n<div style=\"text-align: justify;\"><\/div>\n<div style=\"text-align: justify;\">\n<div class=\"separator\"><a href=\"https:\/\/blogger.googleusercontent.com\/img\/b\/R29vZ2xl\/AVvXsEirac1SkC0vfdEkpKPWicMcIImcGQljzxRv5OXQdjVNywskX932JqNnP7YFhsYqc5WCxl4rzSuSQccPEkuSpt8reSw2xVWJce-QaEejIqnNzjVA2Gic7ejCI3n9DsHAx9kEYPOQAv0Slp-f5hzeEoj5Ouggu_V6KYi-CGfw4A7o-XL4BCSe9I937ibh\/s536\/IMG-20230417-WA0015.jpg\"><img decoding=\"async\" data-src=\"https:\/\/blogger.googleusercontent.com\/img\/b\/R29vZ2xl\/AVvXsEirac1SkC0vfdEkpKPWicMcIImcGQljzxRv5OXQdjVNywskX932JqNnP7YFhsYqc5WCxl4rzSuSQccPEkuSpt8reSw2xVWJce-QaEejIqnNzjVA2Gic7ejCI3n9DsHAx9kEYPOQAv0Slp-f5hzeEoj5Ouggu_V6KYi-CGfw4A7o-XL4BCSe9I937ibh\/s320\/IMG-20230417-WA0015.jpg\" width=\"320\" height=\"205\" border=\"0\" data-original-height=\"344\" data-original-width=\"536\" src=\"data:image\/svg+xml;base64,PHN2ZyB3aWR0aD0iMSIgaGVpZ2h0PSIxIiB4bWxucz0iaHR0cDovL3d3dy53My5vcmcvMjAwMC9zdmciPjwvc3ZnPg==\" class=\"lazyload\" style=\"--smush-placeholder-width: 320px; --smush-placeholder-aspect-ratio: 320\/205;\" \/><\/a><\/div>\n<\/div>\n<div style=\"text-align: justify;\"><\/div>\n<div style=\"text-align: justify;\">Polanco explic\u00f3 que ese programa busca ajustar la oferta de huevos y de las\u00a0 gallinas que hab\u00edan cumplido su ciclo reproductivo. Alrededor de un mill\u00f3n y medio de aves ser\u00e1n sacadas las granjas, para su reposici\u00f3n.<\/div>\n<div style=\"text-align: justify;\"><\/div>\n<div style=\"text-align: justify;\"><\/div>\n<div style=\"text-align: justify;\"><\/div>\n<div style=\"text-align: justify;\">En tanto que, Miguel Lajara, directivo de la ADA, inform\u00f3 que la oferta de pollos en Rep\u00fablica Dominicana registr\u00f3 un crecimiento de 4.5 millones durante el primer cuatrimestre de este a\u00f1o, lo que representa un aumento de aproximadamente un mill\u00f3n de unidades al mes.<\/div>\n<div style=\"text-align: justify;\"><\/div>\n<div style=\"text-align: justify;\"><\/div>\n<div style=\"text-align: justify;\"><\/div>\n<div style=\"text-align: justify;\">Manifest\u00f3 que la oferta del huevo mostr\u00f3 un incremento de un 12% mensual, reportando un aumento en la producci\u00f3n de 120 millones de esa prote\u00edna, para una oferta total de 280 millones al mes.<\/div>\n<div style=\"text-align: justify;\"><\/div>\n<div style=\"text-align: justify;\"><\/div>\n<div style=\"text-align: justify;\"><\/div>\n<div style=\"text-align: justify;\">\u201cAmbos sectores reflejan crecimiento; el pollo se comporta como la econom\u00eda del pa\u00eds, pero hoy el crecimiento de la oferta ha ido m\u00e1s r\u00e1pido que el de la econom\u00eda, siendo \u00e9sta la prote\u00edna de mayor consumo del pueblo dominicano\u201d, precis\u00f3 Lajara.<\/div>\n<div style=\"text-align: justify;\"><\/div>\n<div style=\"text-align: justify;\"><\/div>\n<div style=\"text-align: justify;\"><\/div>\n<div style=\"text-align: justify;\">Con relaci\u00f3n a los factores que han favorecido a la producci\u00f3n de pollos y huevos en el pa\u00eds, Lajara resalt\u00f3 la disminuci\u00f3n de la oferta de cerdo, los problemas sanitarios de la avicultura mundial y la consecuente actuaci\u00f3n del Gobierno en la restricci\u00f3n a las importaciones<\/div>\n<div style=\"text-align: justify;\"><\/div>\n<div style=\"text-align: justify;\"><\/div>\n<div style=\"text-align: justify;\"><\/div>\n<div style=\"text-align: justify;\">De igual forma, precis\u00f3 que, a pesar de los aumentos en la tasa de inter\u00e9s, los programas de inversi\u00f3n contin\u00faan realiz\u00e1ndose en el sector av\u00edcola; mientras se desarrollan unos 20 proyectos individuales de grandes y medianos productores.<\/div>\n<div style=\"text-align: justify;\"><\/div>\n<div style=\"text-align: justify;\"><\/div>\n<div style=\"text-align: justify;\"><\/div>\n<div style=\"text-align: justify;\">Por otro lado, se\u00f1al\u00f3 que el precio del pollo en granja ha ido reduci\u00e9ndose y que hoy est\u00e1 a 40 pesos la libra; mientras que la unidad del huevo a 5.50 pesos, reflejando de esta forma uno de los precios m\u00e1s competitivos de la regi\u00f3n.<\/div>\n<div style=\"text-align: justify;\"><\/div>\n<div style=\"text-align: justify;\"><\/div>\n<div style=\"text-align: justify;\"><\/div>\n<div style=\"text-align: justify;\">\u201cEn el huevo hay una din\u00e1mica de demanda creciendo y una participaci\u00f3n creciente en la canasta familiar por su precio, y podemos afirmar, sin ninguna duda, que nosotros tenemos precios de huevos al consumidor m\u00e1s competitivos de la regi\u00f3n\u201d, dijo.<\/div>\n<div style=\"text-align: justify;\"><\/div>\n<div style=\"text-align: justify;\"><\/div>\n<div style=\"text-align: justify;\"><\/div>\n<div style=\"text-align: justify;\">Sin embargo, Lajara explic\u00f3 que se mantienen algunos desaf\u00edos para el sector como los relacionados al tema sanitario, por lo cual,\u00a0 junto con la Asociaci\u00f3n Dominicana de Ganader\u00eda han tomado medidas correctivas en los programa de vacunaci\u00f3n en los 25 planteles de incubadoras del pa\u00eds.<\/div>\n<div><\/div>\n<div><\/div>\n<div>Fuente: Asociaci\u00f3n Dominicana de Avicultura<\/div>\n","protected":false},"excerpt":{"rendered":"<p>SANTO DOMINGO. El presidente de la Asociaci\u00f3n Dominicana de Avicultura (ADA), Jos\u00e9 Luis Polanco, anunci\u00f3<\/p>\n","protected":false},"author":1,"featured_media":0,"comment_status":"open","ping_status":"open","sticky":false,"template":"","format":"standard","meta":{"footnotes":""},"categories":[7],"tags":[],"class_list":["post-4379","post","type-post","status-publish","format-standard","hentry","category-nacionales"],"_links":{"self":[{"href":"https:\/\/defrentealaverdad.com\/index.php\/wp-json\/wp\/v2\/posts\/4379","targetHints":{"allow":["GET"]}}],"collection":[{"href":"https:\/\/defrentealaverdad.com\/index.php\/wp-json\/wp\/v2\/posts"}],"about":[{"href":"https:\/\/defrentealaverdad.com\/index.php\/wp-json\/wp\/v2\/types\/post"}],"author":[{"embeddable":true,"href":"https:\/\/defrentealaverdad.com\/index.php\/wp-json\/wp\/v2\/users\/1"}],"replies":[{"embeddable":true,"href":"https:\/\/defrentealaverdad.com\/index.php\/wp-json\/wp\/v2\/comments?post=4379"}],"version-history":[{"count":1,"href":"https:\/\/defrentealaverdad.com\/index.php\/wp-json\/wp\/v2\/posts\/4379\/revisions"}],"predecessor-version":[{"id":4380,"href":"https:\/\/defrentealaverdad.com\/index.php\/wp-json\/wp\/v2\/posts\/4379\/revisions\/4380"}],"wp:attachment":[{"href":"https:\/\/defrentealaverdad.com\/index.php\/wp-json\/wp\/v2\/media?parent=4379"}],"wp:term":[{"taxonomy":"category","embeddable":true,"href":"https:\/\/defrentealaverdad.com\/index.php\/wp-json\/wp\/v2\/categories?post=4379"},{"taxonomy":"post_tag","embeddable":true,"href":"https:\/\/defrentealaverdad.com\/index.php\/wp-json\/wp\/v2\/tags?post=4379"}],"curies":[{"name":"wp","href":"https:\/\/api.w.org\/{rel}","templated":true}]}}