{"id":4377,"date":"2023-04-16T15:48:42","date_gmt":"2023-04-16T15:48:42","guid":{"rendered":"https:\/\/defrentealaverdad.com\/?p=4377"},"modified":"2024-11-19T19:38:08","modified_gmt":"2024-11-19T19:38:08","slug":"urgente-cardiologo-moscoso-puello-llama-a-la-prevencion-de-enfermedades-cardiovasculares","status":"publish","type":"post","link":"https:\/\/defrentealaverdad.com\/index.php\/2023\/04\/16\/urgente-cardiologo-moscoso-puello-llama-a-la-prevencion-de-enfermedades-cardiovasculares\/","title":{"rendered":"Urgente \u00abCardi\u00f3logo Moscoso Puello llama a la prevenci\u00f3n de enfermedades cardiovasculares\u00bb"},"content":{"rendered":"<div>\n<div><\/div>\n<div>El encargado del servicio de Cardiolog\u00eda del Hospital Doctor Francisco Moscoso Puello, doctor Miguel Arias, llam\u00f3 a la ciudadan\u00eda a prevenir las enfermedades cardiovasculares, en la que se tome en cuenta una serie de medidas.<\/div>\n<div><\/div>\n<div><\/div>\n<div>\n<div class=\"separator\"><a href=\"https:\/\/blogger.googleusercontent.com\/img\/b\/R29vZ2xl\/AVvXsEgbmnZD8sabXmyJCPgvR9dJ6a1J9VjSxhaRzYcXOAYB0rEvn7t7dh4fcdXKhlOb7yp_Pq4ndhj_WujM9BK-IG0rxayg2EY577nXsVbcDB1JYt1KwB_LrrMDekSypxh2awy-kezEFQ1RwVxuds_tQp2PnSLX0vPgh9rD-3D7XP-WuS8ShtIBpf5QXIJ0\/s1280\/IMG-20230417-WA0057.jpg\"><img decoding=\"async\" data-src=\"https:\/\/blogger.googleusercontent.com\/img\/b\/R29vZ2xl\/AVvXsEgbmnZD8sabXmyJCPgvR9dJ6a1J9VjSxhaRzYcXOAYB0rEvn7t7dh4fcdXKhlOb7yp_Pq4ndhj_WujM9BK-IG0rxayg2EY577nXsVbcDB1JYt1KwB_LrrMDekSypxh2awy-kezEFQ1RwVxuds_tQp2PnSLX0vPgh9rD-3D7XP-WuS8ShtIBpf5QXIJ0\/s320\/IMG-20230417-WA0057.jpg\" width=\"320\" height=\"240\" border=\"0\" data-original-height=\"960\" data-original-width=\"1280\" src=\"data:image\/svg+xml;base64,PHN2ZyB3aWR0aD0iMSIgaGVpZ2h0PSIxIiB4bWxucz0iaHR0cDovL3d3dy53My5vcmcvMjAwMC9zdmciPjwvc3ZnPg==\" class=\"lazyload\" style=\"--smush-placeholder-width: 320px; --smush-placeholder-aspect-ratio: 320\/240;\" \/><\/a><\/div>\n<\/div>\n<div><\/div>\n<div>\u201cEst\u00e1 prevenci\u00f3n incluye el control de la hipertensi\u00f3n arterial, la eliminaci\u00f3n del h\u00e1bito del consumo del tabaco, el control de la diabetes mellitus, y la disminuci\u00f3n de los niveles de colesterol y del estr\u00e9s\u201d, destac\u00f3 el profesional del hospital que dirige la doctora Mar\u00eda Argentina Germ\u00e1n.<\/div>\n<div><\/div>\n<div>El cardi\u00f3logo explic\u00f3 que, adem\u00e1s, se debe combatir el sedentarismo y la obesidad, con actividad f\u00edsica y mediante una dieta sana, lo que ayudar\u00e1 a reducir los niveles de peso en la poblaci\u00f3n.<\/div>\n<div><\/div>\n<div>\n<div class=\"separator\"><a href=\"https:\/\/blogger.googleusercontent.com\/img\/b\/R29vZ2xl\/AVvXsEhS03OC2O9plzifh2jglbrJmzzarMKmiOBvt0vmRxbd400s6JSC8yRBkursemWORWNeoqv4Y0cN1c1btax9a5qE2et1WUaJjrWi-6ScQIelaT_BK-lJloSNisbaAK0XbX9WJqUYvg82DvcF5xMhVfiTOPpDv4LD8VCXXr_478C9BuINDB2z6D4TbeCX\/s1040\/IMG-20230417-WA0056.jpg\"><img decoding=\"async\" data-src=\"https:\/\/blogger.googleusercontent.com\/img\/b\/R29vZ2xl\/AVvXsEhS03OC2O9plzifh2jglbrJmzzarMKmiOBvt0vmRxbd400s6JSC8yRBkursemWORWNeoqv4Y0cN1c1btax9a5qE2et1WUaJjrWi-6ScQIelaT_BK-lJloSNisbaAK0XbX9WJqUYvg82DvcF5xMhVfiTOPpDv4LD8VCXXr_478C9BuINDB2z6D4TbeCX\/s320\/IMG-20230417-WA0056.jpg\" width=\"320\" height=\"240\" border=\"0\" data-original-height=\"780\" data-original-width=\"1040\" src=\"data:image\/svg+xml;base64,PHN2ZyB3aWR0aD0iMSIgaGVpZ2h0PSIxIiB4bWxucz0iaHR0cDovL3d3dy53My5vcmcvMjAwMC9zdmciPjwvc3ZnPg==\" class=\"lazyload\" style=\"--smush-placeholder-width: 320px; --smush-placeholder-aspect-ratio: 320\/240;\" \/><\/a><\/div>\n<\/div>\n<div><\/div>\n<div>Arias destac\u00f3 que la hipertensi\u00f3n arterial se ha constituido en el principal factor de riesgo para el desarrollo de las enfermedades del coraz\u00f3n.<\/div>\n<div><\/div>\n<div>El galeno alert\u00f3 que la enfermedad cardiovascular es la principal causa de muerte en la mayor\u00eda de los pa\u00edses del mundo, es por esto que sostiene que la \u00fanica forma de lograr la disminuci\u00f3n es mediante la prevenci\u00f3n cardiovascular.<\/div>\n<div><\/div>\n<div>El especialista manifest\u00f3 que cada 16 de abril se conmemora el D\u00eda Nacional del Cardi\u00f3logo, \u201cun reconocimiento a todos los profesionales de la salud que han dedicado su vida a la prevenci\u00f3n y tratamiento de enfermedades cardiovasculares en la Rep\u00fablica Dominicana\u201d.<\/div>\n<div><\/div>\n<div>El Departamento de Estad\u00edsticas del centro report\u00f3 el a\u00f1o pasado 4,004 asistencias m\u00e9dicas en el servicio de Cardiolog\u00eda.<\/div>\n<\/div>\n<div><\/div>\n<div>Fuente: El Le\u00f1o Pinto Digital<\/p>\n<div><\/div>\n<\/div>\n","protected":false},"excerpt":{"rendered":"<p>El encargado del servicio de Cardiolog\u00eda del Hospital Doctor Francisco Moscoso Puello, doctor Miguel Arias,<\/p>\n","protected":false},"author":1,"featured_media":0,"comment_status":"open","ping_status":"open","sticky":false,"template":"","format":"standard","meta":{"footnotes":""},"categories":[221],"tags":[],"class_list":["post-4377","post","type-post","status-publish","format-standard","hentry","category-salud"],"_links":{"self":[{"href":"https:\/\/defrentealaverdad.com\/index.php\/wp-json\/wp\/v2\/posts\/4377","targetHints":{"allow":["GET"]}}],"collection":[{"href":"https:\/\/defrentealaverdad.com\/index.php\/wp-json\/wp\/v2\/posts"}],"about":[{"href":"https:\/\/defrentealaverdad.com\/index.php\/wp-json\/wp\/v2\/types\/post"}],"author":[{"embeddable":true,"href":"https:\/\/defrentealaverdad.com\/index.php\/wp-json\/wp\/v2\/users\/1"}],"replies":[{"embeddable":true,"href":"https:\/\/defrentealaverdad.com\/index.php\/wp-json\/wp\/v2\/comments?post=4377"}],"version-history":[{"count":1,"href":"https:\/\/defrentealaverdad.com\/index.php\/wp-json\/wp\/v2\/posts\/4377\/revisions"}],"predecessor-version":[{"id":4378,"href":"https:\/\/defrentealaverdad.com\/index.php\/wp-json\/wp\/v2\/posts\/4377\/revisions\/4378"}],"wp:attachment":[{"href":"https:\/\/defrentealaverdad.com\/index.php\/wp-json\/wp\/v2\/media?parent=4377"}],"wp:term":[{"taxonomy":"category","embeddable":true,"href":"https:\/\/defrentealaverdad.com\/index.php\/wp-json\/wp\/v2\/categories?post=4377"},{"taxonomy":"post_tag","embeddable":true,"href":"https:\/\/defrentealaverdad.com\/index.php\/wp-json\/wp\/v2\/tags?post=4377"}],"curies":[{"name":"wp","href":"https:\/\/api.w.org\/{rel}","templated":true}]}}