{"id":4362,"date":"2023-04-18T14:01:44","date_gmt":"2023-04-18T14:01:44","guid":{"rendered":"https:\/\/defrentealaverdad.com\/?p=4362"},"modified":"2023-04-18T14:01:44","modified_gmt":"2023-04-18T14:01:44","slug":"yesenia-then-se-alza-como-influencer-en-el-galardon-2023","status":"publish","type":"post","link":"https:\/\/defrentealaverdad.com\/index.php\/2023\/04\/18\/yesenia-then-se-alza-como-influencer-en-el-galardon-2023\/","title":{"rendered":"Yesenia Then se alza como influencer en el Galard\u00f3n 2023"},"content":{"rendered":"<p><img decoding=\"async\" data-src=\"https:\/\/rdlaverdad.com\/wp-content\/uploads\/2023\/04\/IMG-20230417-WA0220.jpg\" src=\"data:image\/svg+xml;base64,PHN2ZyB3aWR0aD0iMSIgaGVpZ2h0PSIxIiB4bWxucz0iaHR0cDovL3d3dy53My5vcmcvMjAwMC9zdmciPjwvc3ZnPg==\" class=\"lazyload\" \/><\/p>\n<p>Santo Domingo, Rep\u00fablica Dominicana.<\/p>\n<p>La reconocida pastora Yesenia Then se alz\u00f3 con la estatuilla de la categor\u00eda \u00abInfluencer Evangel\u00edstico\u00bb de Premios El Galard\u00f3n, en su m\u00e1s reciente edici\u00f3n celebrada el pasado s\u00e1bado 15 de abril en la Sala Manuel Rueda de la Escuela Nacional de Bellas Artes, en la capital dominicana.<\/p>\n<p>\u00abDamos gloria a Dios, por el reconocimiento que hemos recibido por parte de Premios El Galard\u00f3n y los cronistas del arte cristiano en mi naci\u00f3n, por el trabajo que hacemos en las plataformas digitales\u00bb, expres\u00f3 la pastora al recibir la estatuilla.<\/p>\n<p>Then, dedic\u00f3 el premio a su familia, a la congregaci\u00f3n que dirige, su equipo de trabajo y las personas que dedican su vida al servicio de la obra de Dios utilizando las plataformas digitales.<\/p>\n<p>\u00abDebo reconocer y dar cr\u00e9ditos a Danny Ram\u00edrez quien fue el primero en darme un micr\u00f3fono para yo hablar en televisi\u00f3n, cuando el coordinaba el programa Vida en Plenitud de la Iglesia de Dios en Color Visi\u00f3n, todas las ma\u00f1anas, siendo el Obispo Medina supervisor nacional del concilio\u00bb, record\u00f3 la hoy influencer.<\/p>\n<p>Con la sencillez y humildad que le caracteriza dijo: \u201cNo que seamos competentes por nosotros mismos para pensar algo como de nosotros mismos, sino que nuestra competencia proviene de Dios\u201d, concluy\u00f3 la pastora, haciendo referencia a la cita b\u00edblica 2 Corintios 3:5.<\/p>\n<p>En la misma categor\u00eda fueron nominados los pastores Juan Carlos Harrigan, Jonathan Pi\u00f1a, Maiker Carpiadosa y Miguel S\u00e1nchez.<\/p>\n<p>La estatuilla fue entregada por el presidente de Premios El Galard\u00f3n y director ejecutivo de la Academia Cristiana de Cronistas de Arte (ACCRA), Danny Ram\u00edrez y el Obispo Elvis Samuel Medina.<\/p>\n<p>\u00abEs una categor\u00eda nueva que busca reconocer el valios\u00edsimo trabajo que realizan hombres y mujeres de Dios en las redes sociales, alcanzando muchas almas para Cristo, siendo verdaderos influencer, sal de la tierra y luz del mundo\u00bb, explic\u00f3 Ramirez al introducir el rengl\u00f3n.<\/p>\n<p>Ramirez inform\u00f3, adem\u00e1s, que las pr\u00f3ximas ediciones de los premios se realizar\u00e1n en Puerto Rico, Miami y Canad\u00e1.<\/p>\n<p>Se recuerda que Premios El Galard\u00f3n, es el m\u00e1s alto reconocimiento al arte y la comunicaci\u00f3n cristiana en Rep\u00fablica Dominicana por su impacto en en el pueblo de Dios.<\/p>\n<p>&nbsp;<\/p>\n<p>Fuente: Diario La Verdad RD<\/p>\n","protected":false},"excerpt":{"rendered":"<p>Santo Domingo, Rep\u00fablica Dominicana. La reconocida pastora Yesenia Then se alz\u00f3 con la estatuilla de<\/p>\n","protected":false},"author":1,"featured_media":0,"comment_status":"open","ping_status":"open","sticky":false,"template":"","format":"standard","meta":{"footnotes":""},"categories":[6,7],"tags":[],"class_list":["post-4362","post","type-post","status-publish","format-standard","hentry","category-espectaculos","category-nacionales"],"_links":{"self":[{"href":"https:\/\/defrentealaverdad.com\/index.php\/wp-json\/wp\/v2\/posts\/4362","targetHints":{"allow":["GET"]}}],"collection":[{"href":"https:\/\/defrentealaverdad.com\/index.php\/wp-json\/wp\/v2\/posts"}],"about":[{"href":"https:\/\/defrentealaverdad.com\/index.php\/wp-json\/wp\/v2\/types\/post"}],"author":[{"embeddable":true,"href":"https:\/\/defrentealaverdad.com\/index.php\/wp-json\/wp\/v2\/users\/1"}],"replies":[{"embeddable":true,"href":"https:\/\/defrentealaverdad.com\/index.php\/wp-json\/wp\/v2\/comments?post=4362"}],"version-history":[{"count":1,"href":"https:\/\/defrentealaverdad.com\/index.php\/wp-json\/wp\/v2\/posts\/4362\/revisions"}],"predecessor-version":[{"id":4364,"href":"https:\/\/defrentealaverdad.com\/index.php\/wp-json\/wp\/v2\/posts\/4362\/revisions\/4364"}],"wp:attachment":[{"href":"https:\/\/defrentealaverdad.com\/index.php\/wp-json\/wp\/v2\/media?parent=4362"}],"wp:term":[{"taxonomy":"category","embeddable":true,"href":"https:\/\/defrentealaverdad.com\/index.php\/wp-json\/wp\/v2\/categories?post=4362"},{"taxonomy":"post_tag","embeddable":true,"href":"https:\/\/defrentealaverdad.com\/index.php\/wp-json\/wp\/v2\/tags?post=4362"}],"curies":[{"name":"wp","href":"https:\/\/api.w.org\/{rel}","templated":true}]}}