{"id":4358,"date":"2023-04-18T13:50:45","date_gmt":"2023-04-18T13:50:45","guid":{"rendered":"https:\/\/defrentealaverdad.com\/?p=4358"},"modified":"2023-04-18T13:50:45","modified_gmt":"2023-04-18T13:50:45","slug":"denuncian-en-el-idss-sacan-cadaveres-entre-basura-y-escombros","status":"publish","type":"post","link":"https:\/\/defrentealaverdad.com\/index.php\/2023\/04\/18\/denuncian-en-el-idss-sacan-cadaveres-entre-basura-y-escombros\/","title":{"rendered":"Denuncian en el IDSS sacan cad\u00e1veres entre basura y escombros."},"content":{"rendered":"<p style=\"text-align: justify;\">Por Felix Rubio<\/p>\n<div style=\"width: 640px;\" class=\"wp-video\"><video class=\"wp-video-shortcode\" id=\"video-4358-1\" width=\"640\" height=\"362\" preload=\"metadata\" controls=\"controls\"><source type=\"video\/mp4\" src=\"https:\/\/defrentealaverdad.com\/wp-content\/uploads\/2023\/04\/WhatsApp-Video-2023-04-18-at-09.48.22.mp4?_=1\" \/><a href=\"https:\/\/defrentealaverdad.com\/wp-content\/uploads\/2023\/04\/WhatsApp-Video-2023-04-18-at-09.48.22.mp4\">https:\/\/defrentealaverdad.com\/wp-content\/uploads\/2023\/04\/WhatsApp-Video-2023-04-18-at-09.48.22.mp4<\/a><\/video><\/div>\n<p style=\"text-align: justify;\">En el hospital Savador B. Gautier los cad\u00e1veres son sacados en medio de basura y escombros, y adem\u00e1s son bajados del piso donde mueren en brazos por sus familiares, ya que el ascensor no funciona, seg\u00fan denuncian parientes de enfermera fallecida.<\/p>\n<p style=\"text-align: justify;\">El cad\u00e1ver de la enfermera Rafaelina Cordero Rosario, quien muri\u00f3 el pasado s\u00e1bado en el IDSS, fue sacado en medio de escombros por sus familiares; quienes se quejaron amargamente por el trato inhumano que recibi\u00f3 durante el tiempo que dur\u00f3 ingresada, a pesar de que esta labor\u00f3 por m\u00e1s de 25 a\u00f1os en el hospital.<\/p>\n<p style=\"text-align: justify;\"><img decoding=\"async\" class=\"alignnone size-medium wp-image-4360 lazyload\" data-src=\"https:\/\/defrentealaverdad.com\/wp-content\/uploads\/2023\/04\/WhatsApp-Image-2023-04-18-at-09.48.20-225x300.jpeg\" alt=\"\" width=\"225\" height=\"300\" data-srcset=\"https:\/\/defrentealaverdad.com\/wp-content\/uploads\/2023\/04\/WhatsApp-Image-2023-04-18-at-09.48.20-225x300.jpeg 225w, https:\/\/defrentealaverdad.com\/wp-content\/uploads\/2023\/04\/WhatsApp-Image-2023-04-18-at-09.48.20-768x1024.jpeg 768w, https:\/\/defrentealaverdad.com\/wp-content\/uploads\/2023\/04\/WhatsApp-Image-2023-04-18-at-09.48.20-1152x1536.jpeg 1152w, https:\/\/defrentealaverdad.com\/wp-content\/uploads\/2023\/04\/WhatsApp-Image-2023-04-18-at-09.48.20-450x600.jpeg 450w, https:\/\/defrentealaverdad.com\/wp-content\/uploads\/2023\/04\/WhatsApp-Image-2023-04-18-at-09.48.20.jpeg 1200w\" data-sizes=\"(max-width: 225px) 100vw, 225px\" src=\"data:image\/svg+xml;base64,PHN2ZyB3aWR0aD0iMSIgaGVpZ2h0PSIxIiB4bWxucz0iaHR0cDovL3d3dy53My5vcmcvMjAwMC9zdmciPjwvc3ZnPg==\" style=\"--smush-placeholder-width: 225px; --smush-placeholder-aspect-ratio: 225\/300;\" \/><\/p>\n<p style=\"text-align: justify;\">Su hermano Freddy Cordero dijo \u00abno es justo que ella trabajando en ese hospital por m\u00e1s de 25 a\u00f1os como enfermera no se le brind\u00f3 ning\u00fan tipo de apoyo ni colaboraci\u00f3n por parte del director Dr. Miguel \u00c1ngel Geraldino quien se neg\u00f3 a que el cad\u00e1ver fuera sacado por el ascensor privado, tuvimos los familiares que bajar el cuerpo en brazos por las escaleras\u00bb.<\/p>\n<p style=\"text-align: justify;\">Al hacer la denuncia, sus parientes confiaron que las autoridades del sector salud tomen los correctivos de lugar para que estas acciones no se repitan, y otros no tengan que pasar por ese proceso tan desgarrador.<\/p>\n<p style=\"text-align: justify;\">La enfermera Rafaelina Cordero falleci\u00f3 el pasado s\u00e1bado de un c\u00e1ncer terminal y su cad\u00e1ver fue cepultado en el cementerio de Cristo Rey.<\/p>\n<p>&nbsp;<\/p>\n<p>Fuente: Externa<\/p>\n","protected":false},"excerpt":{"rendered":"<p>Por Felix Rubio En el hospital Savador B. Gautier los cad\u00e1veres son sacados en medio<\/p>\n","protected":false},"author":1,"featured_media":0,"comment_status":"open","ping_status":"open","sticky":false,"template":"","format":"standard","meta":{"footnotes":""},"categories":[7],"tags":[],"class_list":["post-4358","post","type-post","status-publish","format-standard","hentry","category-nacionales"],"_links":{"self":[{"href":"https:\/\/defrentealaverdad.com\/index.php\/wp-json\/wp\/v2\/posts\/4358","targetHints":{"allow":["GET"]}}],"collection":[{"href":"https:\/\/defrentealaverdad.com\/index.php\/wp-json\/wp\/v2\/posts"}],"about":[{"href":"https:\/\/defrentealaverdad.com\/index.php\/wp-json\/wp\/v2\/types\/post"}],"author":[{"embeddable":true,"href":"https:\/\/defrentealaverdad.com\/index.php\/wp-json\/wp\/v2\/users\/1"}],"replies":[{"embeddable":true,"href":"https:\/\/defrentealaverdad.com\/index.php\/wp-json\/wp\/v2\/comments?post=4358"}],"version-history":[{"count":1,"href":"https:\/\/defrentealaverdad.com\/index.php\/wp-json\/wp\/v2\/posts\/4358\/revisions"}],"predecessor-version":[{"id":4361,"href":"https:\/\/defrentealaverdad.com\/index.php\/wp-json\/wp\/v2\/posts\/4358\/revisions\/4361"}],"wp:attachment":[{"href":"https:\/\/defrentealaverdad.com\/index.php\/wp-json\/wp\/v2\/media?parent=4358"}],"wp:term":[{"taxonomy":"category","embeddable":true,"href":"https:\/\/defrentealaverdad.com\/index.php\/wp-json\/wp\/v2\/categories?post=4358"},{"taxonomy":"post_tag","embeddable":true,"href":"https:\/\/defrentealaverdad.com\/index.php\/wp-json\/wp\/v2\/tags?post=4358"}],"curies":[{"name":"wp","href":"https:\/\/api.w.org\/{rel}","templated":true}]}}