{"id":4353,"date":"2023-04-14T18:33:46","date_gmt":"2023-04-14T18:33:46","guid":{"rendered":"https:\/\/defrentealaverdad.com\/?p=4353"},"modified":"2023-04-14T18:33:46","modified_gmt":"2023-04-14T18:33:46","slug":"director-de-la-digev-recibe-la-visita-de-la-senadora-faride-raful","status":"publish","type":"post","link":"https:\/\/defrentealaverdad.com\/index.php\/2023\/04\/14\/director-de-la-digev-recibe-la-visita-de-la-senadora-faride-raful\/","title":{"rendered":"Director de la DIGEV recibe la visita de la Senadora Faride Raful"},"content":{"rendered":"<p style=\"text-align: justify;\">Por Felix Rubio<\/p>\n<div class=\"separator\" style=\"text-align: justify;\"><a href=\"https:\/\/blogger.googleusercontent.com\/img\/b\/R29vZ2xl\/AVvXsEiP5cJbhnSxyop5rcFl73Na2qWzLbphITJSnf0V5LKhzan2tTr6zVYUb9dFY5lHPrD0W04CTh90YIC-Ss2diEC0mBqdPpWY6cwiO1jWmc_pAbo5XVz3X7RRjYGQPmit0-S7bGsOJfD5l2Cmx8voCWAdVwOcBz1duK7fk0Cg76P9PsICbZEQ3mYwBb9etw\/s1600\/IMG-20230414-WA0030.jpg\"><img decoding=\"async\" data-src=\"https:\/\/blogger.googleusercontent.com\/img\/b\/R29vZ2xl\/AVvXsEiP5cJbhnSxyop5rcFl73Na2qWzLbphITJSnf0V5LKhzan2tTr6zVYUb9dFY5lHPrD0W04CTh90YIC-Ss2diEC0mBqdPpWY6cwiO1jWmc_pAbo5XVz3X7RRjYGQPmit0-S7bGsOJfD5l2Cmx8voCWAdVwOcBz1duK7fk0Cg76P9PsICbZEQ3mYwBb9etw\/s320\/IMG-20230414-WA0030.jpg\" width=\"320\" height=\"213\" border=\"0\" data-original-height=\"1066\" data-original-width=\"1600\" src=\"data:image\/svg+xml;base64,PHN2ZyB3aWR0aD0iMSIgaGVpZ2h0PSIxIiB4bWxucz0iaHR0cDovL3d3dy53My5vcmcvMjAwMC9zdmciPjwvc3ZnPg==\" class=\"lazyload\" style=\"--smush-placeholder-width: 320px; --smush-placeholder-aspect-ratio: 320\/213;\" \/><\/a><\/div>\n<p style=\"text-align: justify;\">\n<p style=\"text-align: justify;\">\n<p style=\"text-align: justify;\">El director general de las Escuelas Vocacionales de las Fuerzas Armadas y de la Polic\u00eda Nacional( DIGEV), Mayor General Juan Jos\u00e9 Ota\u00f1o Jim\u00e9nez, ERD, recibi\u00f3 hoy la visita en su despacho de la Senadora\u00a0 del Distrito Nacional, Licenciada Faride Raful.<\/p>\n<div class=\"separator\" style=\"text-align: justify;\"><a href=\"https:\/\/blogger.googleusercontent.com\/img\/b\/R29vZ2xl\/AVvXsEjNW15Wsnao2-bsQDev9CmfxvfBSmgrEC927LAtDfShFRhFZAayQXLXhZ6imulhaO1PKbNiYBapTH1albPn2TlAnA1GwlIFFqFue2HagWg3SFcbC9bX5n7Nc7_421um8vkQirYz98bKkxk7rgb7XJvb6oE2HXGfb5xbJlE5bCg5W8UOb_34HqlYObgh_g\/s1600\/IMG-20230414-WA0025.jpg\"><img decoding=\"async\" data-src=\"https:\/\/blogger.googleusercontent.com\/img\/b\/R29vZ2xl\/AVvXsEjNW15Wsnao2-bsQDev9CmfxvfBSmgrEC927LAtDfShFRhFZAayQXLXhZ6imulhaO1PKbNiYBapTH1albPn2TlAnA1GwlIFFqFue2HagWg3SFcbC9bX5n7Nc7_421um8vkQirYz98bKkxk7rgb7XJvb6oE2HXGfb5xbJlE5bCg5W8UOb_34HqlYObgh_g\/s320\/IMG-20230414-WA0025.jpg\" width=\"320\" height=\"213\" border=\"0\" data-original-height=\"1066\" data-original-width=\"1600\" src=\"data:image\/svg+xml;base64,PHN2ZyB3aWR0aD0iMSIgaGVpZ2h0PSIxIiB4bWxucz0iaHR0cDovL3d3dy53My5vcmcvMjAwMC9zdmciPjwvc3ZnPg==\" class=\"lazyload\" style=\"--smush-placeholder-width: 320px; --smush-placeholder-aspect-ratio: 320\/213;\" \/><\/a><\/div>\n<p style=\"text-align: justify;\">\n<p style=\"text-align: justify;\">\n<p style=\"text-align: justify;\">\u00a0Mediante comunicado de prensa, la entidad formativa informa que la finalidad de la visita de la legisladora del Partido Revolucionario Moderno (PRM) a la sede principal de la instituci\u00f3n ubicada en el municipio Santo DImingo Este, es para conocer el proceso de transformaci\u00f3n e inclusi\u00f3n que se viene dando en esos centros de ense\u00f1anzas.<\/p>\n<div class=\"separator\" style=\"text-align: justify;\"><a href=\"https:\/\/blogger.googleusercontent.com\/img\/b\/R29vZ2xl\/AVvXsEgRcgR8OoOYe5I_TUQEHOGHtcDAvh6Ew4YI5e8zmC5B64dpf7OOKNqZMsnJ0i_GbtGKI5yBv9WdZVJDROXRsbNbXJdlWmMYrMmze28Ys_uQVNBtDMclhnPcnqVOK13lQ0qoWHDdW2IBs8y0iZzyrbuNmDyaBSoN-RuRrylcGA7XXWfuwZRD3vqV8t0rLQ\/s1600\/IMG-20230414-WA0028.jpg\"><img decoding=\"async\" data-src=\"https:\/\/blogger.googleusercontent.com\/img\/b\/R29vZ2xl\/AVvXsEgRcgR8OoOYe5I_TUQEHOGHtcDAvh6Ew4YI5e8zmC5B64dpf7OOKNqZMsnJ0i_GbtGKI5yBv9WdZVJDROXRsbNbXJdlWmMYrMmze28Ys_uQVNBtDMclhnPcnqVOK13lQ0qoWHDdW2IBs8y0iZzyrbuNmDyaBSoN-RuRrylcGA7XXWfuwZRD3vqV8t0rLQ\/s320\/IMG-20230414-WA0028.jpg\" width=\"320\" height=\"213\" border=\"0\" data-original-height=\"1066\" data-original-width=\"1600\" src=\"data:image\/svg+xml;base64,PHN2ZyB3aWR0aD0iMSIgaGVpZ2h0PSIxIiB4bWxucz0iaHR0cDovL3d3dy53My5vcmcvMjAwMC9zdmciPjwvc3ZnPg==\" class=\"lazyload\" style=\"--smush-placeholder-width: 320px; --smush-placeholder-aspect-ratio: 320\/213;\" \/><\/a><\/div>\n<p style=\"text-align: justify;\">\n<p style=\"text-align: justify;\">\n<p style=\"text-align: justify;\">La senadora Raful durante su visita recibi\u00f3 explicaciones del trabajo modernizador que viene realizando el equipo t\u00e9cnico y administrativo dirigido por el titular de la entidad Mayor General, Ota\u00f1o Jim\u00e9nez,ERD.<\/p>\n<div class=\"separator\" style=\"text-align: justify;\"><a href=\"https:\/\/blogger.googleusercontent.com\/img\/b\/R29vZ2xl\/AVvXsEiOUS1zlN-yG1gNA9gWL_QkknMoI5VGa2UIPKkBsunV6XKvsRzCcvuLDsl5bNIzstnNfP69-1FRTLWkbRwmznlMUIMdrA3UDLGgySXYYCNIgZ3iGjANdnOuvBhs3FMG4jS9tFNNRedKNvtTRrPAcPQRn7gRYaVgzM9OUhn0Dxs3Q5zKeoV1vdt-BcznIg\/s1600\/IMG-20230414-WA0029.jpg\"><img decoding=\"async\" data-src=\"https:\/\/blogger.googleusercontent.com\/img\/b\/R29vZ2xl\/AVvXsEiOUS1zlN-yG1gNA9gWL_QkknMoI5VGa2UIPKkBsunV6XKvsRzCcvuLDsl5bNIzstnNfP69-1FRTLWkbRwmznlMUIMdrA3UDLGgySXYYCNIgZ3iGjANdnOuvBhs3FMG4jS9tFNNRedKNvtTRrPAcPQRn7gRYaVgzM9OUhn0Dxs3Q5zKeoV1vdt-BcznIg\/s320\/IMG-20230414-WA0029.jpg\" width=\"320\" height=\"213\" border=\"0\" data-original-height=\"1066\" data-original-width=\"1600\" src=\"data:image\/svg+xml;base64,PHN2ZyB3aWR0aD0iMSIgaGVpZ2h0PSIxIiB4bWxucz0iaHR0cDovL3d3dy53My5vcmcvMjAwMC9zdmciPjwvc3ZnPg==\" class=\"lazyload\" style=\"--smush-placeholder-width: 320px; --smush-placeholder-aspect-ratio: 320\/213;\" \/><\/a><\/div>\n<p style=\"text-align: justify;\">\n<p style=\"text-align: justify;\">\n<p style=\"text-align: justify;\">De su lado, Faride Raful destac\u00f3 la utilidad\u00a0 de esos centros formativos para la reducci\u00f3n de la delincuencia y la pobreza en el pa\u00eds y se defini\u00f3 desde ya como una aliada desde el Senado de la Rep\u00fablica para seguir impulsando el desarrollo de la educaci\u00f3n t\u00e9cnico vocacional en la Rep\u00fablica Dominicana..<\/p>\n<div class=\"separator\" style=\"text-align: justify;\"><a href=\"https:\/\/blogger.googleusercontent.com\/img\/b\/R29vZ2xl\/AVvXsEgS2c5O1yJQPwMmyy8zpBlwJpaz9a-cp2pWiwDbKyBFvg34WrwIxXpClBuVvuIMFxW_nE6Ymd8rHg_EP_AyXEf7cHDUIuwHekUx-bmlRgCjTIyssbNnih0UUAHK2M9Nqcn3lbT2PKkz9dhdDfK_DlZbVPpKLOKX8CmG-ZCoXIK98fQ8gslhiXpwHd3afA\/s1600\/IMG-20230414-WA0031.jpg\"><img decoding=\"async\" data-src=\"https:\/\/blogger.googleusercontent.com\/img\/b\/R29vZ2xl\/AVvXsEgS2c5O1yJQPwMmyy8zpBlwJpaz9a-cp2pWiwDbKyBFvg34WrwIxXpClBuVvuIMFxW_nE6Ymd8rHg_EP_AyXEf7cHDUIuwHekUx-bmlRgCjTIyssbNnih0UUAHK2M9Nqcn3lbT2PKkz9dhdDfK_DlZbVPpKLOKX8CmG-ZCoXIK98fQ8gslhiXpwHd3afA\/s320\/IMG-20230414-WA0031.jpg\" width=\"320\" height=\"213\" border=\"0\" data-original-height=\"1066\" data-original-width=\"1600\" src=\"data:image\/svg+xml;base64,PHN2ZyB3aWR0aD0iMSIgaGVpZ2h0PSIxIiB4bWxucz0iaHR0cDovL3d3dy53My5vcmcvMjAwMC9zdmciPjwvc3ZnPg==\" class=\"lazyload\" style=\"--smush-placeholder-width: 320px; --smush-placeholder-aspect-ratio: 320\/213;\" \/><\/a><\/div>\n<p style=\"text-align: justify;\">\n<p style=\"text-align: justify;\">\n<p style=\"text-align: justify;\">Indic\u00f3 que le resulta gratificante haber contactado los avances que registran esos centros t\u00e9cnicos ya que los mismos son una verdadera oportunidad para que los j\u00f3venes de los sectores populares del Distrito Nacional y el pa\u00eds puedan formarse de manera gratuita para trabajar y as\u00ed romper el c\u00edrculo de la pobreza..<\/p>\n<div class=\"separator\" style=\"text-align: justify;\"><a href=\"https:\/\/blogger.googleusercontent.com\/img\/b\/R29vZ2xl\/AVvXsEhSaz4d8xdew4daB-1C37_Rcr9ErcRYOx_5CZPqQHuxEqfsvMwqSo6lSzqxFdR2N69Ll-5DnqMbg4JjTMBut9xFuQg83k0YcPFCNiot7d5_B5ohmEAkl4s4WGrZ7IhQCvp7b4U0s6rmCde3zlztERL06qJR_r_lcIXmXUhNRqD30k9J4GVbbyU9GZcmKg\/s1600\/IMG-20230414-WA0026.jpg\"><img decoding=\"async\" data-src=\"https:\/\/blogger.googleusercontent.com\/img\/b\/R29vZ2xl\/AVvXsEhSaz4d8xdew4daB-1C37_Rcr9ErcRYOx_5CZPqQHuxEqfsvMwqSo6lSzqxFdR2N69Ll-5DnqMbg4JjTMBut9xFuQg83k0YcPFCNiot7d5_B5ohmEAkl4s4WGrZ7IhQCvp7b4U0s6rmCde3zlztERL06qJR_r_lcIXmXUhNRqD30k9J4GVbbyU9GZcmKg\/s320\/IMG-20230414-WA0026.jpg\" width=\"320\" height=\"213\" border=\"0\" data-original-height=\"1066\" data-original-width=\"1600\" src=\"data:image\/svg+xml;base64,PHN2ZyB3aWR0aD0iMSIgaGVpZ2h0PSIxIiB4bWxucz0iaHR0cDovL3d3dy53My5vcmcvMjAwMC9zdmciPjwvc3ZnPg==\" class=\"lazyload\" style=\"--smush-placeholder-width: 320px; --smush-placeholder-aspect-ratio: 320\/213;\" \/><\/a><\/div>\n<p style=\"text-align: justify;\">\n<p style=\"text-align: justify;\">\n<p style=\"text-align: justify;\">Mientras que el director de la DiGEV Ota\u00f1o Jim\u00e9nez valor\u00f3 la visita de la legisladora y destac\u00f3 que todos las plataformas educativas diseminadas en todo el territorio nacional est\u00e1n a la disposici\u00f3n de todas las instituciones del Estado que quieran ser parte de este esfuerzo transformador que se est\u00e1\u00a0 llevando a cabo en cada una de las escuelas vocacionales por disposici\u00f3n del se\u00f1or presidente Luis Abinader y el Ministro de Defensa, Teniente General , Carlos Luciano D\u00edaz Morfa, ERD.<\/p>\n<div class=\"separator\" style=\"text-align: justify;\"><a href=\"https:\/\/blogger.googleusercontent.com\/img\/b\/R29vZ2xl\/AVvXsEgaJlR2eO5I3nFPrj5AR-8DDqTl6jOwJH2Qvq1Nk31yRB2kw-XX_ltGMkuPLhertOGMwB-4THoogtKhKpb6JyzYGEKjC3h2g7niuIc2we9_AzexW0CybuXBUhJ9ZhAYDLSmhWzrrVEqcdHYm4CBtcFfwRPAgiH-yBuKKgqbI1nDziJEOv0NJlxU09mUsA\/s1600\/IMG-20230414-WA0025.jpg\"><img decoding=\"async\" data-src=\"https:\/\/blogger.googleusercontent.com\/img\/b\/R29vZ2xl\/AVvXsEgaJlR2eO5I3nFPrj5AR-8DDqTl6jOwJH2Qvq1Nk31yRB2kw-XX_ltGMkuPLhertOGMwB-4THoogtKhKpb6JyzYGEKjC3h2g7niuIc2we9_AzexW0CybuXBUhJ9ZhAYDLSmhWzrrVEqcdHYm4CBtcFfwRPAgiH-yBuKKgqbI1nDziJEOv0NJlxU09mUsA\/s320\/IMG-20230414-WA0025.jpg\" width=\"320\" height=\"213\" border=\"0\" data-original-height=\"1066\" data-original-width=\"1600\" src=\"data:image\/svg+xml;base64,PHN2ZyB3aWR0aD0iMSIgaGVpZ2h0PSIxIiB4bWxucz0iaHR0cDovL3d3dy53My5vcmcvMjAwMC9zdmciPjwvc3ZnPg==\" class=\"lazyload\" style=\"--smush-placeholder-width: 320px; --smush-placeholder-aspect-ratio: 320\/213;\" \/><\/a><\/div>\n<p style=\"text-align: justify;\">\n<p style=\"text-align: justify;\">\n<p style=\"text-align: justify;\">Luego de las exposiciones el Mayor General\u00a0 Ota\u00f1o hizo un recorrido junto a la legisladora donde le mostr\u00f3 parte del proceso transformador que se est\u00e1 llevando a cabo en las distintas instancias y talleres de DIGEV..<\/p>\n","protected":false},"excerpt":{"rendered":"<p>Por Felix Rubio El director general de las Escuelas Vocacionales de las Fuerzas Armadas y<\/p>\n","protected":false},"author":1,"featured_media":0,"comment_status":"open","ping_status":"open","sticky":false,"template":"","format":"standard","meta":{"footnotes":""},"categories":[7],"tags":[],"class_list":["post-4353","post","type-post","status-publish","format-standard","hentry","category-nacionales"],"_links":{"self":[{"href":"https:\/\/defrentealaverdad.com\/index.php\/wp-json\/wp\/v2\/posts\/4353","targetHints":{"allow":["GET"]}}],"collection":[{"href":"https:\/\/defrentealaverdad.com\/index.php\/wp-json\/wp\/v2\/posts"}],"about":[{"href":"https:\/\/defrentealaverdad.com\/index.php\/wp-json\/wp\/v2\/types\/post"}],"author":[{"embeddable":true,"href":"https:\/\/defrentealaverdad.com\/index.php\/wp-json\/wp\/v2\/users\/1"}],"replies":[{"embeddable":true,"href":"https:\/\/defrentealaverdad.com\/index.php\/wp-json\/wp\/v2\/comments?post=4353"}],"version-history":[{"count":1,"href":"https:\/\/defrentealaverdad.com\/index.php\/wp-json\/wp\/v2\/posts\/4353\/revisions"}],"predecessor-version":[{"id":4354,"href":"https:\/\/defrentealaverdad.com\/index.php\/wp-json\/wp\/v2\/posts\/4353\/revisions\/4354"}],"wp:attachment":[{"href":"https:\/\/defrentealaverdad.com\/index.php\/wp-json\/wp\/v2\/media?parent=4353"}],"wp:term":[{"taxonomy":"category","embeddable":true,"href":"https:\/\/defrentealaverdad.com\/index.php\/wp-json\/wp\/v2\/categories?post=4353"},{"taxonomy":"post_tag","embeddable":true,"href":"https:\/\/defrentealaverdad.com\/index.php\/wp-json\/wp\/v2\/tags?post=4353"}],"curies":[{"name":"wp","href":"https:\/\/api.w.org\/{rel}","templated":true}]}}