{"id":4338,"date":"2023-04-13T17:06:00","date_gmt":"2023-04-13T17:06:00","guid":{"rendered":"https:\/\/defrentealaverdad.com\/?p=4338"},"modified":"2023-04-13T17:06:00","modified_gmt":"2023-04-13T17:06:00","slug":"en-mide-inician-maestrias-en-defensa-y-seguridad-nacional-y-derechos-humanos","status":"publish","type":"post","link":"https:\/\/defrentealaverdad.com\/index.php\/2023\/04\/13\/en-mide-inician-maestrias-en-defensa-y-seguridad-nacional-y-derechos-humanos\/","title":{"rendered":"En MIDE inician maestr\u00edas en Defensa y Seguridad Nacional y Derechos Humanos"},"content":{"rendered":"<div class=\"separator\"><\/div>\n<div>Por Felix Rubio<\/div>\n<div><\/div>\n<p><img decoding=\"async\" data-src=\"https:\/\/blogger.googleusercontent.com\/img\/b\/R29vZ2xl\/AVvXsEgWdF4-0igTVxcaZa-XPatXQZ2h6Sf_yQCZGEsjemOCzC5vKclDXbbKImP6-ceF7g-DCHyCPv1-HZEVVZ2EbeyYj-NsVOOUNwvroSZAoS2e0wOYr9e_QHqP3y9Qum2zAMSsnUzA9165xwphdv31KpI2I2wqGlI_iRCjRpxZ2NTDRRszcApImuu393dP5w\/s320\/IMG-20230413-WA0023.jpg\" src=\"data:image\/svg+xml;base64,PHN2ZyB3aWR0aD0iMSIgaGVpZ2h0PSIxIiB4bWxucz0iaHR0cDovL3d3dy53My5vcmcvMjAwMC9zdmciPjwvc3ZnPg==\" class=\"lazyload\" \/><\/p>\n<p>SANTO DOMINGO.- El Ministerio de Defensa (MIDE) recibi\u00f3 a los nuevos cursantes civiles y militares de las maestr\u00edas de Derechos Humanos y Derecho Internacional Humanitario y de Defensa y Seguridad Nacional del Instituto Superior para la Defensa \u201cJuan Pablo Duarte y D\u00edez\u201d, (INSUDE).<\/p>\n<div class=\"separator\"><a href=\"https:\/\/blogger.googleusercontent.com\/img\/b\/R29vZ2xl\/AVvXsEhNDwarC2Z2-IH0dbDzfkkPnv3dN1ILig31ChS_5Z_7w3ArV1AqxSWIDxN2Mp5niSJh3NvnJTnGLIBfMo-ZTop7h-BnXQyPXRcgdpMj2OP2jwvoEXOTzDD8eDThyjzIO8o4DuL_NnycGHLrC6Swz6BdpJnmv0FpbbHw98EDJmBedia2tXTVh6eM2YHcsQ\/s1024\/IMG-20230413-WA0022.jpg\"><img decoding=\"async\" data-src=\"https:\/\/blogger.googleusercontent.com\/img\/b\/R29vZ2xl\/AVvXsEhNDwarC2Z2-IH0dbDzfkkPnv3dN1ILig31ChS_5Z_7w3ArV1AqxSWIDxN2Mp5niSJh3NvnJTnGLIBfMo-ZTop7h-BnXQyPXRcgdpMj2OP2jwvoEXOTzDD8eDThyjzIO8o4DuL_NnycGHLrC6Swz6BdpJnmv0FpbbHw98EDJmBedia2tXTVh6eM2YHcsQ\/s320\/IMG-20230413-WA0022.jpg\" width=\"320\" height=\"213\" border=\"0\" data-original-height=\"681\" data-original-width=\"1024\" src=\"data:image\/svg+xml;base64,PHN2ZyB3aWR0aD0iMSIgaGVpZ2h0PSIxIiB4bWxucz0iaHR0cDovL3d3dy53My5vcmcvMjAwMC9zdmciPjwvc3ZnPg==\" class=\"lazyload\" style=\"--smush-placeholder-width: 320px; --smush-placeholder-aspect-ratio: 320\/213;\" \/><\/a><\/div>\n<p>&nbsp;<\/p>\n<p>&nbsp;<\/p>\n<p>En dos emotivos actos realizados por separado, uno en la Escuela de Graduados de Derechos Humanos y Derecho Internacional Humanitario (EGDDHHyDIH) y otro en la Escuela de Graduados Altos Estudios Estrat\u00e9gicos (EGAEE), los discentes fueron exhortados por las autoridades educativas militares en el nivel superior, a aprovechar al m\u00e1ximo la oportunidad de cursar estos programas acad\u00e9micos enfocados a fortalecer las capacidades civiles y militares para la defensa y la seguridad nacional.<\/p>\n<div class=\"separator\"><a href=\"https:\/\/blogger.googleusercontent.com\/img\/b\/R29vZ2xl\/AVvXsEjJKEFn-sbmWo0y3o6vJuSAu5IFrQZVN2xdqVcOLmZPSToSkqezN9eiHzlK_yIF4SU10GEbUgheVpfS4tuudar2QlrbruhlbRNbYIwllQlTLJG4dYBBBsMi7LsF5cBaU_OBgBp7jJApPKnmUbmXce7s_rUnmXkAOPxEv74Qbw4IpCCn1FuwSCLbmJdk4g\/s1600\/IMG-20230413-WA0024.jpg\"><img decoding=\"async\" data-src=\"https:\/\/blogger.googleusercontent.com\/img\/b\/R29vZ2xl\/AVvXsEjJKEFn-sbmWo0y3o6vJuSAu5IFrQZVN2xdqVcOLmZPSToSkqezN9eiHzlK_yIF4SU10GEbUgheVpfS4tuudar2QlrbruhlbRNbYIwllQlTLJG4dYBBBsMi7LsF5cBaU_OBgBp7jJApPKnmUbmXce7s_rUnmXkAOPxEv74Qbw4IpCCn1FuwSCLbmJdk4g\/s320\/IMG-20230413-WA0024.jpg\" width=\"320\" height=\"213\" border=\"0\" data-original-height=\"1066\" data-original-width=\"1600\" src=\"data:image\/svg+xml;base64,PHN2ZyB3aWR0aD0iMSIgaGVpZ2h0PSIxIiB4bWxucz0iaHR0cDovL3d3dy53My5vcmcvMjAwMC9zdmciPjwvc3ZnPg==\" class=\"lazyload\" style=\"--smush-placeholder-width: 320px; --smush-placeholder-aspect-ratio: 320\/213;\" \/><\/a><\/div>\n<p>&nbsp;<\/p>\n<p>&nbsp;<\/p>\n<p>Ambas Escuelas de Graduados, pertenecen a la Facultad de Ciencias para la Seguridad, Defensa y Desarrollo Nacional, cuyas maestr\u00edas est\u00e1n avaladas por el Ministerio de Educaci\u00f3n Superior, Ciencia y Tecnolog\u00eda (MESCyT).<\/p>\n<div class=\"separator\"><a href=\"https:\/\/blogger.googleusercontent.com\/img\/b\/R29vZ2xl\/AVvXsEipIEENjeWkD-Gk3GNqIgGfSFPARf-vNh8vktXEzPjUeh8-MdJ7Re9nWjkOa8tRcLVr6v93H-CLqVfufijpyeldVIMGWY3QlekXwGvivtV-32HwBI953XRMH0CJB8W4thmf9P4hmeXe4YumfJ68Yn53d4R48A488YoSrs-0UQkNyCDyxFvaa3qNymD29w\/s1024\/IMG-20230413-WA0025.jpg\"><img decoding=\"async\" data-src=\"https:\/\/blogger.googleusercontent.com\/img\/b\/R29vZ2xl\/AVvXsEipIEENjeWkD-Gk3GNqIgGfSFPARf-vNh8vktXEzPjUeh8-MdJ7Re9nWjkOa8tRcLVr6v93H-CLqVfufijpyeldVIMGWY3QlekXwGvivtV-32HwBI953XRMH0CJB8W4thmf9P4hmeXe4YumfJ68Yn53d4R48A488YoSrs-0UQkNyCDyxFvaa3qNymD29w\/s320\/IMG-20230413-WA0025.jpg\" width=\"320\" height=\"213\" border=\"0\" data-original-height=\"682\" data-original-width=\"1024\" src=\"data:image\/svg+xml;base64,PHN2ZyB3aWR0aD0iMSIgaGVpZ2h0PSIxIiB4bWxucz0iaHR0cDovL3d3dy53My5vcmcvMjAwMC9zdmciPjwvc3ZnPg==\" class=\"lazyload\" style=\"--smush-placeholder-width: 320px; --smush-placeholder-aspect-ratio: 320\/213;\" \/><\/a><\/div>\n<p>&nbsp;<\/p>\n<p>&nbsp;<\/p>\n<p>Durante los actos formales de recibimiento, de la Primera Promoci\u00f3n de la Maestr\u00eda en DDHH y DIH, as\u00ed como de la 21 Promoci\u00f3n de la Maestr\u00eda de la EGAEE, estuvieron presentes el rector del INSUDE, as\u00ed como de vicerrectores, directores, subdirectores y docentes de las Escuelas de Graduados, representantes de la Iniciativa de Derechos Humanos del Comando Sur y vicerrectores de las Academias de las tres fuerzas castrenses, donde se imparten programas en el nivel de grado y postgrado de las Fuerzas Armadas.<\/p>\n<div class=\"separator\"><a href=\"https:\/\/blogger.googleusercontent.com\/img\/b\/R29vZ2xl\/AVvXsEhPZktBAKMKZSXTu89GsS6OmRplyJvnTgFj4e5eUhoYXuh3UwnvXQra65QPtalZVrUuJKTbpumSKjWrQzMv_vx20N8SFjBbHqF_NAkNsO1ABsfCGHczSRznvxi3OshDY7jNYGJa4W8kgQqDgZTcGybHlMnlxGsE9CzJi9awXSn1lbiCkFkPUzai5vQmlA\/s1600\/IMG-20230413-WA0020.jpg\"><img decoding=\"async\" data-src=\"https:\/\/blogger.googleusercontent.com\/img\/b\/R29vZ2xl\/AVvXsEhPZktBAKMKZSXTu89GsS6OmRplyJvnTgFj4e5eUhoYXuh3UwnvXQra65QPtalZVrUuJKTbpumSKjWrQzMv_vx20N8SFjBbHqF_NAkNsO1ABsfCGHczSRznvxi3OshDY7jNYGJa4W8kgQqDgZTcGybHlMnlxGsE9CzJi9awXSn1lbiCkFkPUzai5vQmlA\/s320\/IMG-20230413-WA0020.jpg\" width=\"320\" height=\"213\" border=\"0\" data-original-height=\"1066\" data-original-width=\"1600\" src=\"data:image\/svg+xml;base64,PHN2ZyB3aWR0aD0iMSIgaGVpZ2h0PSIxIiB4bWxucz0iaHR0cDovL3d3dy53My5vcmcvMjAwMC9zdmciPjwvc3ZnPg==\" class=\"lazyload\" style=\"--smush-placeholder-width: 320px; --smush-placeholder-aspect-ratio: 320\/213;\" \/><\/a><\/div>\n<div><\/div>\n<div>Fuente: Prensa MIDE<\/div>\n","protected":false},"excerpt":{"rendered":"<p>Por Felix Rubio SANTO DOMINGO.- El Ministerio de Defensa (MIDE) recibi\u00f3 a los nuevos cursantes<\/p>\n","protected":false},"author":1,"featured_media":0,"comment_status":"open","ping_status":"open","sticky":false,"template":"","format":"standard","meta":{"footnotes":""},"categories":[7],"tags":[],"class_list":["post-4338","post","type-post","status-publish","format-standard","hentry","category-nacionales"],"_links":{"self":[{"href":"https:\/\/defrentealaverdad.com\/index.php\/wp-json\/wp\/v2\/posts\/4338","targetHints":{"allow":["GET"]}}],"collection":[{"href":"https:\/\/defrentealaverdad.com\/index.php\/wp-json\/wp\/v2\/posts"}],"about":[{"href":"https:\/\/defrentealaverdad.com\/index.php\/wp-json\/wp\/v2\/types\/post"}],"author":[{"embeddable":true,"href":"https:\/\/defrentealaverdad.com\/index.php\/wp-json\/wp\/v2\/users\/1"}],"replies":[{"embeddable":true,"href":"https:\/\/defrentealaverdad.com\/index.php\/wp-json\/wp\/v2\/comments?post=4338"}],"version-history":[{"count":1,"href":"https:\/\/defrentealaverdad.com\/index.php\/wp-json\/wp\/v2\/posts\/4338\/revisions"}],"predecessor-version":[{"id":4339,"href":"https:\/\/defrentealaverdad.com\/index.php\/wp-json\/wp\/v2\/posts\/4338\/revisions\/4339"}],"wp:attachment":[{"href":"https:\/\/defrentealaverdad.com\/index.php\/wp-json\/wp\/v2\/media?parent=4338"}],"wp:term":[{"taxonomy":"category","embeddable":true,"href":"https:\/\/defrentealaverdad.com\/index.php\/wp-json\/wp\/v2\/categories?post=4338"},{"taxonomy":"post_tag","embeddable":true,"href":"https:\/\/defrentealaverdad.com\/index.php\/wp-json\/wp\/v2\/tags?post=4338"}],"curies":[{"name":"wp","href":"https:\/\/api.w.org\/{rel}","templated":true}]}}