{"id":4312,"date":"2023-04-12T19:06:25","date_gmt":"2023-04-12T19:06:25","guid":{"rendered":"https:\/\/defrentealaverdad.com\/?p=4312"},"modified":"2023-04-12T19:06:33","modified_gmt":"2023-04-12T19:06:33","slug":"mopc-inicia-licitacion-para-la-construccion-de-la-circunvalacion-norte-de-navarrete","status":"publish","type":"post","link":"https:\/\/defrentealaverdad.com\/index.php\/2023\/04\/12\/mopc-inicia-licitacion-para-la-construccion-de-la-circunvalacion-norte-de-navarrete\/","title":{"rendered":"MOPC inicia licitaci\u00f3n para la construcci\u00f3n de la Circunvalaci\u00f3n Norte de Navarrete"},"content":{"rendered":"<p style=\"text-align: justify;\">Por Felix Rubio<\/p>\n<div class=\"separator\" style=\"text-align: justify;\"><a href=\"https:\/\/blogger.googleusercontent.com\/img\/b\/R29vZ2xl\/AVvXsEiqPKyqdTT0fLm8cSCMsFszRgjME3vMSN8Fq9aCNbEohOhPPU8pWk8rqprjIIUSinv6d4fZf_Rlyk7RNU1wjT17BH3_yUEuu67mVvZ1NaOnPelw2ddFr8emOWkHsr_v8pEVT8gXjBOOrO4v2akPeZP6CnXGocHh49kCnE26xKd7vBjoOJ3Ky97ZBz2vCg\/s618\/Licitaci%C3%B3n%20para%20la%20construcci%C3%B3n%20de%20la%20Circunvalaci%C3%B3n%20Norte%20de%20Navarrete.jpg\"><img decoding=\"async\" data-src=\"https:\/\/blogger.googleusercontent.com\/img\/b\/R29vZ2xl\/AVvXsEiqPKyqdTT0fLm8cSCMsFszRgjME3vMSN8Fq9aCNbEohOhPPU8pWk8rqprjIIUSinv6d4fZf_Rlyk7RNU1wjT17BH3_yUEuu67mVvZ1NaOnPelw2ddFr8emOWkHsr_v8pEVT8gXjBOOrO4v2akPeZP6CnXGocHh49kCnE26xKd7vBjoOJ3Ky97ZBz2vCg\/s320\/Licitaci%C3%B3n%20para%20la%20construcci%C3%B3n%20de%20la%20Circunvalaci%C3%B3n%20Norte%20de%20Navarrete.jpg\" width=\"320\" height=\"140\" border=\"0\" data-original-height=\"270\" data-original-width=\"618\" src=\"data:image\/svg+xml;base64,PHN2ZyB3aWR0aD0iMSIgaGVpZ2h0PSIxIiB4bWxucz0iaHR0cDovL3d3dy53My5vcmcvMjAwMC9zdmciPjwvc3ZnPg==\" class=\"lazyload\" style=\"--smush-placeholder-width: 320px; --smush-placeholder-aspect-ratio: 320\/140;\" \/><\/a><\/div>\n<p style=\"text-align: justify;\">SANTO DOMINGO.-\u00a0El Ministerio de Obras P\u00fablicas y Comunicaciones (MOPC) inici\u00f3 las ofertas econ\u00f3micas contenidas en sobres A para la construcci\u00f3n de la Circunvalaci\u00f3n Norte de Navarrete, provincia Santiago, que se incluye dentro del plan de preservaci\u00f3n y ampliaci\u00f3n de las v\u00edas que conforman la Red Vial del pa\u00eds.<\/p>\n<p>La doctora Milagros Ortiz Bosch, directora general de \u00c9tica e Integridad Gubernamental (DIGEIG), estuvo presente durante todo el proceso junto a veedores de diferentes instituciones, como son las universidades Aut\u00f3noma de Santo Domingo (UASD), Nacional Pedro Henr\u00edquez Ure\u00f1a (UNPHU) y el Instituto Tecnol\u00f3gico de Santo Domingo (INTEC), as\u00ed como el Colegio Dominicano de Ingenieros, Arquitectos y Agrimensores (CODIA).<\/p>\n<p>Ortiz Bosch expres\u00f3 su satisfacci\u00f3n de ver el cumplimiento del proceso, como una expresi\u00f3n de transparencia, as\u00ed como de prevenir los actos de corrupci\u00f3n en la administraci\u00f3n p\u00fablica.<\/p>\n<p>\u201cCreo que se ha cumplido todo durante el proceso, con preguntas y respuestas, y el trabajo de nosotros es hacer que crezca la transparencia, la confianza en los procedimientos, no de este Ministerio que va llev\u00e1ndolo bien, sino de todo el Gobierno\u201d, dijo.<\/p>\n<p>En la actividad, el ingeniero Nelson Maloney, quien ostent\u00f3 la representaci\u00f3n del ministro Deligne Ascenci\u00f3n ante el Comit\u00e9 de Compras y Contrataciones del MOPC, explic\u00f3 que el presupuesto asignado para la construcci\u00f3n de la Circunvalaci\u00f3n de Navarrete asciende a 6,924 millones 910 mil 953 pesos con 85 centavos, y que la adjudicaci\u00f3n se har\u00e1 el pr\u00f3ximo 14 de junio.<\/p>\n<p>Maloney explic\u00f3 que, en este proceso, como en todos los dem\u00e1s que realiza la instituci\u00f3n, se procura la transparencia y dar oportunidad a todas aquellas personas y empresas que quieran ofertar sus productos y\/o servicios.<\/p>\n<p>En la apertura de sobres A participaron 14 empresas, de las cuales 13 fueron de forma presencial y una de forma virtual.<\/p>\n<p>Las que lo hicieron de forma presencial fueron Ecocisa, Constructora Mar, Grupo Vial Ozama, Malesp\u00edn Constructora, Construcciones Viales Navarrete, Consorcio Cern, Consorcio Vial G Modesto-ArquiConstrusa, Consorcio Nacir, Consorcio Teddy-Remix.<\/p>\n<p>Tambi\u00e9n, Consorcio Circunvalaci\u00f3n Navarrete, Constructora Rizek, Consorcio Floralba, Agregados de Cartera Cibao (Agrecaci). La virtual fue Andalar Internacional, todas son S.R.L.<\/p>\n<p>La empresa que tuvo la participaci\u00f3n virtual no envi\u00f3 representante.<\/p>\n<p>Junior Mora, director de Gesti\u00f3n de Recursos de Peajes, estuvo representando a RD-Vial.<\/p>\n<p>El notario actuante fue Anulfo Pi\u00f1a P\u00e9rez, quien dio apertura al proceso a las 11:16 de la ma\u00f1ana, y finaliz\u00f3 con su validaci\u00f3n a la 1:08 de la tarde, acogi\u00e9ndose a la Ley 340-16, sobre compras y contrataciones.<\/p>\n<p>La legalidad de la licitaci\u00f3n es FIDEICOMISO-CCC-LPN-2023-0001.<\/p>\n<p>La actividad se llev\u00f3 a cabo en el Sal\u00f3n del Club Recreativo y Cultural del MOPC, y tambi\u00e9n cont\u00f3 con la participaci\u00f3n de los siguientes directores: Alejandro Ram\u00edrez, Administrativo y Financiero; Jos\u00e9 Mad\u00e9, de Planificaci\u00f3n y Desarrollo; Domingo Santana Castillo, Jur\u00eddico; L\u00e9rida Tobal, de Libre Acceso a la Informaci\u00f3n, y Carina Cedano, de Compras y Contrataciones.<\/p>\n<p>&nbsp;<\/p>\n<p>Fuente: Comunicaciones MOPC<\/p>\n","protected":false},"excerpt":{"rendered":"<p>Por Felix Rubio SANTO DOMINGO.-\u00a0El Ministerio de Obras P\u00fablicas y Comunicaciones (MOPC) inici\u00f3 las ofertas<\/p>\n","protected":false},"author":1,"featured_media":0,"comment_status":"open","ping_status":"open","sticky":false,"template":"","format":"standard","meta":{"footnotes":""},"categories":[7],"tags":[],"class_list":["post-4312","post","type-post","status-publish","format-standard","hentry","category-nacionales"],"_links":{"self":[{"href":"https:\/\/defrentealaverdad.com\/index.php\/wp-json\/wp\/v2\/posts\/4312","targetHints":{"allow":["GET"]}}],"collection":[{"href":"https:\/\/defrentealaverdad.com\/index.php\/wp-json\/wp\/v2\/posts"}],"about":[{"href":"https:\/\/defrentealaverdad.com\/index.php\/wp-json\/wp\/v2\/types\/post"}],"author":[{"embeddable":true,"href":"https:\/\/defrentealaverdad.com\/index.php\/wp-json\/wp\/v2\/users\/1"}],"replies":[{"embeddable":true,"href":"https:\/\/defrentealaverdad.com\/index.php\/wp-json\/wp\/v2\/comments?post=4312"}],"version-history":[{"count":2,"href":"https:\/\/defrentealaverdad.com\/index.php\/wp-json\/wp\/v2\/posts\/4312\/revisions"}],"predecessor-version":[{"id":4314,"href":"https:\/\/defrentealaverdad.com\/index.php\/wp-json\/wp\/v2\/posts\/4312\/revisions\/4314"}],"wp:attachment":[{"href":"https:\/\/defrentealaverdad.com\/index.php\/wp-json\/wp\/v2\/media?parent=4312"}],"wp:term":[{"taxonomy":"category","embeddable":true,"href":"https:\/\/defrentealaverdad.com\/index.php\/wp-json\/wp\/v2\/categories?post=4312"},{"taxonomy":"post_tag","embeddable":true,"href":"https:\/\/defrentealaverdad.com\/index.php\/wp-json\/wp\/v2\/tags?post=4312"}],"curies":[{"name":"wp","href":"https:\/\/api.w.org\/{rel}","templated":true}]}}