{"id":4309,"date":"2023-04-12T19:03:46","date_gmt":"2023-04-12T19:03:46","guid":{"rendered":"https:\/\/defrentealaverdad.com\/?p=4309"},"modified":"2023-04-12T19:04:28","modified_gmt":"2023-04-12T19:04:28","slug":"deportes-ofrecera-pasadia-a-ninos-autistas-el-14-de-marzo-en-el-parque-mirador-sur","status":"publish","type":"post","link":"https:\/\/defrentealaverdad.com\/index.php\/2023\/04\/12\/deportes-ofrecera-pasadia-a-ninos-autistas-el-14-de-marzo-en-el-parque-mirador-sur\/","title":{"rendered":"Deportes ofrecer\u00e1 pasad\u00eda a ni\u00f1os autistas el 14 de marzo en el Parque Mirador Sur"},"content":{"rendered":"<p style=\"text-align: justify;\">Por Felix Rubio<\/p>\n<p style=\"text-align: justify;\">Santo Domingo.- El Ministerio de Deportes y Recreaci\u00f3n (Miderec) y la Fundaci\u00f3n Te Aceptamos realizar\u00e1n el viernes pr\u00f3ximo en el Parque Mirador Sur variadas actividades en favor de decenas de ni\u00f1os y adolescentes autistas, la primera de tres de este tipo que tienen programadas en abril, denominado el Mes Azul, orientadas a la concientizaci\u00f3n sobre las personas que padecen esta condici\u00f3n.<\/p>\n<p style=\"text-align: justify;\">\u201cCualquier soporte que necesiten estamos prestos a facilitarlo, esa ha sido una de nuestras normas desde que asumimos esta posici\u00f3n\u00bb, sostuvo el ministro de Deportes, Francisco Camacho, al recibir a funcionarios del organismo y a directivos de la fundaci\u00f3n que formar\u00e1n parte de la especial actividad del viernes, que se celebrar\u00e1 desde las 9 de la ma\u00f1ana hasta las 3 de la tarde.<\/p>\n<figure class=\"wp-block-gallery has-nested-images columns-default is-cropped wp-block-gallery-1 is-layout-flex\" style=\"text-align: justify;\" data-carousel-extra=\"{&quot;blog_id&quot;:1,&quot;permalink&quot;:&quot;https:\\\/\\\/rututeandocontomas.com\\\/deportes\\\/deportes-ofrecera-pasadia-a-ninos-autistas-el-14-de-marzo-en-el-parque-mirador-sur\\\/&quot;}\">\n<figure class=\"wp-block-image size-large\"><img decoding=\"async\" class=\"wp-image-23449 lazyload\" data-src=\"https:\/\/i0.wp.com\/rututeandocontomas.com\/wp-content\/uploads\/2023\/04\/b1b7d907-dc0f-4689-a837-31ec7a339dfc.jpg?resize=640%2C426&amp;ssl=1\" alt=\"\" width=\"1072\" height=\"714\" data-attachment-id=\"23449\" data-permalink=\"https:\/\/rututeandocontomas.com\/deportes\/deportes-ofrecera-pasadia-a-ninos-autistas-el-14-de-marzo-en-el-parque-mirador-sur\/attachment\/b1b7d907-dc0f-4689-a837-31ec7a339dfc\/\" data-orig-file=\"https:\/\/i0.wp.com\/rututeandocontomas.com\/wp-content\/uploads\/2023\/04\/b1b7d907-dc0f-4689-a837-31ec7a339dfc-e1681309702480.jpg?fit=700%2C466&amp;ssl=1\" data-orig-size=\"700,466\" data-comments-opened=\"1\" data-image-meta=\"{&quot;aperture&quot;:&quot;0&quot;,&quot;credit&quot;:&quot;&quot;,&quot;camera&quot;:&quot;&quot;,&quot;caption&quot;:&quot;&quot;,&quot;created_timestamp&quot;:&quot;0&quot;,&quot;copyright&quot;:&quot;&quot;,&quot;focal_length&quot;:&quot;0&quot;,&quot;iso&quot;:&quot;0&quot;,&quot;shutter_speed&quot;:&quot;0&quot;,&quot;title&quot;:&quot;&quot;,&quot;orientation&quot;:&quot;0&quot;}\" data-image-title=\"b1b7d907-dc0f-4689-a837-31ec7a339dfc\" data-image-description=\"\" data-image-caption=\"\" data-medium-file=\"https:\/\/i0.wp.com\/rututeandocontomas.com\/wp-content\/uploads\/2023\/04\/b1b7d907-dc0f-4689-a837-31ec7a339dfc-e1681309702480.jpg?fit=300%2C200&amp;ssl=1\" data-large-file=\"https:\/\/i0.wp.com\/rututeandocontomas.com\/wp-content\/uploads\/2023\/04\/b1b7d907-dc0f-4689-a837-31ec7a339dfc-e1681309702480.jpg?fit=640%2C426&amp;ssl=1\" data-id=\"23449\" src=\"data:image\/svg+xml;base64,PHN2ZyB3aWR0aD0iMSIgaGVpZ2h0PSIxIiB4bWxucz0iaHR0cDovL3d3dy53My5vcmcvMjAwMC9zdmciPjwvc3ZnPg==\" style=\"--smush-placeholder-width: 1072px; --smush-placeholder-aspect-ratio: 1072\/714;\" \/><\/figure>\n<\/figure>\n<p style=\"text-align: justify;\">Sostuvo que tanto el presidente de la Rep\u00fablica, Luis Abinader, como la vicepresidenta Raquel Pe\u00f1a han dado instrucciones \u00abpara que les brindemos todo tipo de facilidades\u00bb a los deportistas que con condiciones especiales de autismo.<\/p>\n<p style=\"text-align: justify;\">Resalt\u00f3 el desempe\u00f1o que realiza la fundaci\u00f3n a cuyos miembros exhort\u00f3 a nunca bajar la guardia. \u201cSon j\u00f3venes con mucho talento y la labor que realizan no tiene precio\u201d, agreg\u00f3 Camacho.<br \/>\nLa Fundaci\u00f3n Te Aceptamos (TEA) contribuye, desde hace varios a\u00f1os, al desarrollo de m\u00e1s de 150 ni\u00f1os con el espectro autista.<\/p>\n<p style=\"text-align: justify;\"><strong>Rueda de prensa<\/strong><\/p>\n<p style=\"text-align: justify;\">Previo al encuentro con Camacho, funcionarios de Miderec, miembros de la fundaci\u00f3n e invitados ofrecieron una conferencia de prensa para detallar las actividades que realizar\u00e1n.<br \/>\nEl inmortal Evaristo P\u00e9rez, director del Departamento de Deportes para Todos de Miderec, resalt\u00f3 la importancia que para ese ministerio reviste la inclusi\u00f3n y lo reconfortante que resulta ver a los ni\u00f1os sonre\u00edr, jugar y saltar como los verdaderos protagonistas que son.<br \/>\nDestac\u00f3 que el pasado a\u00f1o hicieron un primer evento con ellos en la pista de calentamiento del Estadio Ol\u00edmpico F\u00e9lix S\u00e1nchez y tuvieron notables resultados aun cuando no hab\u00edan juegos inflables, payasos ni degustaciones de varios productos, como ocurrir\u00e1 en esta ocasi\u00f3n.<\/p>\n<p style=\"text-align: justify;\">\u201cCu\u00e1nta satisfacci\u00f3n sentimos de saber que nuevamente vamos a llevarles alegr\u00eda a esos ni\u00f1os y adolescentes\u201d, enfatiz\u00f3 durante el encuentro con la prensa celebrado en el sal\u00f3n James Rodr\u00edguez, de Miderec.<\/p>\n<p style=\"text-align: justify;\">\u00abSomos un equipo que pensamos en la inclusi\u00f3n e invitamos a las personas a que vayan a respaldar este d\u00eda s\u00faper especial que hemos preparados para ellos\u201d, subray\u00f3.<\/p>\n<p style=\"text-align: justify;\">Anunci\u00f3 que el d\u00eda 19 de abril se celebrar\u00e1 la charla \u201cConociendo el Autismo\u201d, la cual estar\u00e1 dirigida a los servidores p\u00fablicos de esa instituci\u00f3n, mientras que el 28 de este mes recibir\u00e1n en el Centro Ol\u00edmpico Juan Pablo Duarte a ni\u00f1os autistas a trav\u00e9s de la Comunidad un Coraz\u00f3n Especial, Centro Sicopedag\u00f3gico El Caf\u00e9 y la Fundaci\u00f3n Familia Escogida.<\/p>\n<p style=\"text-align: justify;\">De su lado, Persia \u00c1lvarez, presidenta de la Fundaci\u00f3n Te Aceptamos, agradeci\u00f3 al ministro Francisco Camacho y a todo el equipo de Deportes para Todos, as\u00ed como al viceministro Vargas, por el decidido respaldo que han venido dando a los autistas, de quienes dijo que gracias a eventos como estos \u00abla gente ha ido tomando conciencia y ya la familia no tiene que esconderlos\u00bb.<br \/>\nLa psic\u00f3loga Katty Rodr\u00edguez, directiva de la misma fundaci\u00f3n, enfatiz\u00f3 que ser\u00e1 un d\u00eda para ellos, para que salten, jueguen y hagan lo que se les ocurra.<\/p>\n<p style=\"text-align: justify;\"><strong>Vargas y Suncar<\/strong><\/p>\n<p style=\"text-align: justify;\">De su lado, el viceministro de Deportes en Tiempo Libre y Eventos Especiales, Kennedy Vargas, resalt\u00f3 que \u201cnosotros como Gobierno tenemos la obligaci\u00f3n de procurar una mayor inclusi\u00f3n, de hacer que estas cosas sucedan y cambiar la forma de vivir en Rep\u00fablica Dominicana\u201d.<\/p>\n<p style=\"text-align: justify;\">En la conferencia de prensa habl\u00f3, asimismo, Alex Suncar, una especie de embajador de las actividades inclusivas del Estado de Maryland, Estados Unidos, quien salud\u00f3 la iniciativa de Miderec de tomar la bandera para ayudar a los autistas en vista de que el deporte constituye su principal medicina.<\/p>\n<p style=\"text-align: justify;\">En el acto estuvieron presentes, adem\u00e1s, Rafael P\u00e9rez, director de Deporte Escolar de Miderec; Damaris Vi\u00f1as, encargada del Departamento de Actividad F\u00edsica, Salud y Deportes de esa cartera, as\u00ed como el payaso Din Don.<\/p>\n<p style=\"text-align: justify;\">Tambi\u00e9n, el no vidente Brailin Mart\u00ednez, en representaci\u00f3n del Departamento de Discapacidad del Miderec y Ram\u00f3n Bruj\u00e1n, asesor del \u00c1rea con Personas con Discapacidad de esa cartera, entre otros.<\/p>\n<p style=\"text-align: justify;\">Fuente: Prensa MIDEREC<\/p>\n<div id=\"jp-relatedposts\" class=\"jp-relatedposts\">\n<div class=\"jp-relatedposts-items jp-relatedposts-items-minimal jp-relatedposts-grid \">\n<p class=\"jp-relatedposts-post jp-relatedposts-post0\" style=\"text-align: justify;\" data-post-id=\"14858\" data-post-format=\"false\">\n<\/div>\n<\/div>\n","protected":false},"excerpt":{"rendered":"<p>Por Felix Rubio Santo Domingo.- El Ministerio de Deportes y Recreaci\u00f3n (Miderec) y la Fundaci\u00f3n<\/p>\n","protected":false},"author":1,"featured_media":0,"comment_status":"open","ping_status":"open","sticky":false,"template":"","format":"standard","meta":{"footnotes":""},"categories":[3,7],"tags":[],"class_list":["post-4309","post","type-post","status-publish","format-standard","hentry","category-deportes","category-nacionales"],"_links":{"self":[{"href":"https:\/\/defrentealaverdad.com\/index.php\/wp-json\/wp\/v2\/posts\/4309","targetHints":{"allow":["GET"]}}],"collection":[{"href":"https:\/\/defrentealaverdad.com\/index.php\/wp-json\/wp\/v2\/posts"}],"about":[{"href":"https:\/\/defrentealaverdad.com\/index.php\/wp-json\/wp\/v2\/types\/post"}],"author":[{"embeddable":true,"href":"https:\/\/defrentealaverdad.com\/index.php\/wp-json\/wp\/v2\/users\/1"}],"replies":[{"embeddable":true,"href":"https:\/\/defrentealaverdad.com\/index.php\/wp-json\/wp\/v2\/comments?post=4309"}],"version-history":[{"count":2,"href":"https:\/\/defrentealaverdad.com\/index.php\/wp-json\/wp\/v2\/posts\/4309\/revisions"}],"predecessor-version":[{"id":4311,"href":"https:\/\/defrentealaverdad.com\/index.php\/wp-json\/wp\/v2\/posts\/4309\/revisions\/4311"}],"wp:attachment":[{"href":"https:\/\/defrentealaverdad.com\/index.php\/wp-json\/wp\/v2\/media?parent=4309"}],"wp:term":[{"taxonomy":"category","embeddable":true,"href":"https:\/\/defrentealaverdad.com\/index.php\/wp-json\/wp\/v2\/categories?post=4309"},{"taxonomy":"post_tag","embeddable":true,"href":"https:\/\/defrentealaverdad.com\/index.php\/wp-json\/wp\/v2\/tags?post=4309"}],"curies":[{"name":"wp","href":"https:\/\/api.w.org\/{rel}","templated":true}]}}