{"id":4271,"date":"2023-04-08T19:35:00","date_gmt":"2023-04-08T19:35:00","guid":{"rendered":"https:\/\/defrentealaverdad.com\/?p=4271"},"modified":"2023-04-10T19:36:02","modified_gmt":"2023-04-10T19:36:02","slug":"hombre-mata-a-comunicadora-chantal-jimenez-y-luego-se-suicida","status":"publish","type":"post","link":"https:\/\/defrentealaverdad.com\/index.php\/2023\/04\/08\/hombre-mata-a-comunicadora-chantal-jimenez-y-luego-se-suicida\/","title":{"rendered":"Hombre mata a comunicadora Chantal Jim\u00e9nez y luego se suicida"},"content":{"rendered":"<figure class=\"text-lg\"><picture><img decoding=\"async\" class=\"mx-auto lazyload\" title=\"Hombre mata a comunicadora Chantal Jim\u00e9nez y luego se suicida\" data-src=\"https:\/\/resources.diariolibre.com\/images\/2023\/04\/09\/chantal-jimenez-a7c55c3a-focus-0-0-895-573.jpg\" alt=\"Hombre mata a comunicadora Chantal Jim\u00e9nez y luego se suicida\" width=\"100%\" height=\"350\" src=\"data:image\/svg+xml;base64,PHN2ZyB3aWR0aD0iMSIgaGVpZ2h0PSIxIiB4bWxucz0iaHR0cDovL3d3dy53My5vcmcvMjAwMC9zdmciPjwvc3ZnPg==\" \/><\/picture><figcaption><\/figcaption><\/figure>\n<div class=\"detail-body text-lg\">\n<p>Fue asesinada de un disparo la noche del s\u00e1bado 8 de abril la comunicadora\u00a0<strong>Chantal Jim\u00e9nez<\/strong>\u00a0en un hecho ocurrido en la Urbanizaci\u00f3n Fern\u00e1ndez del Distrito Nacional.<\/p>\n<p>De acuerdo con informaciones obtenidas, Jim\u00e9nez fue asesinada por el hombre Jensy Graciano Cepeda, quien hab\u00eda sido denunciado por violencia de g\u00e9nero.<\/p>\n<p>Luego de cometer el hecho el hombre se dispar\u00f3. Jim\u00e9nez fue hallada con un disparo en la cabeza.<\/p>\n<div id=\"dl_300x250_inread\" data-google-query-id=\"CIqj1MCHoP4CFX4CuQYdEo0HSQ\">\n<div id=\"google_ads_iframe_\/1659553\/dl_300x250_inread_0__container__\">Antes de cometer el hecho el feminicida colg\u00f3 en su red social de Instagram: \u201cLas despedidas son s\u00f3lo para aquellos que aman con sus ojos. Porque para los que aman con el coraz\u00f3n y el alma, no existe eso de la separaci\u00f3n\u201d.<\/div>\n<\/div>\n<\/div>\n<div><\/div>\n<div><\/div>\n<div>Fuente: Diario Libre RD<\/div>\n","protected":false},"excerpt":{"rendered":"<p>Fue asesinada de un disparo la noche del s\u00e1bado 8 de abril la comunicadora\u00a0Chantal Jim\u00e9nez\u00a0en<\/p>\n","protected":false},"author":1,"featured_media":0,"comment_status":"open","ping_status":"open","sticky":false,"template":"","format":"standard","meta":{"footnotes":""},"categories":[7],"tags":[],"class_list":["post-4271","post","type-post","status-publish","format-standard","hentry","category-nacionales"],"_links":{"self":[{"href":"https:\/\/defrentealaverdad.com\/index.php\/wp-json\/wp\/v2\/posts\/4271","targetHints":{"allow":["GET"]}}],"collection":[{"href":"https:\/\/defrentealaverdad.com\/index.php\/wp-json\/wp\/v2\/posts"}],"about":[{"href":"https:\/\/defrentealaverdad.com\/index.php\/wp-json\/wp\/v2\/types\/post"}],"author":[{"embeddable":true,"href":"https:\/\/defrentealaverdad.com\/index.php\/wp-json\/wp\/v2\/users\/1"}],"replies":[{"embeddable":true,"href":"https:\/\/defrentealaverdad.com\/index.php\/wp-json\/wp\/v2\/comments?post=4271"}],"version-history":[{"count":1,"href":"https:\/\/defrentealaverdad.com\/index.php\/wp-json\/wp\/v2\/posts\/4271\/revisions"}],"predecessor-version":[{"id":4272,"href":"https:\/\/defrentealaverdad.com\/index.php\/wp-json\/wp\/v2\/posts\/4271\/revisions\/4272"}],"wp:attachment":[{"href":"https:\/\/defrentealaverdad.com\/index.php\/wp-json\/wp\/v2\/media?parent=4271"}],"wp:term":[{"taxonomy":"category","embeddable":true,"href":"https:\/\/defrentealaverdad.com\/index.php\/wp-json\/wp\/v2\/categories?post=4271"},{"taxonomy":"post_tag","embeddable":true,"href":"https:\/\/defrentealaverdad.com\/index.php\/wp-json\/wp\/v2\/tags?post=4271"}],"curies":[{"name":"wp","href":"https:\/\/api.w.org\/{rel}","templated":true}]}}