{"id":4265,"date":"2023-04-09T19:31:30","date_gmt":"2023-04-09T19:31:30","guid":{"rendered":"https:\/\/defrentealaverdad.com\/?p=4265"},"modified":"2024-11-19T19:37:28","modified_gmt":"2024-11-19T19:37:28","slug":"digesett-realizo-con-exito-el-carreteo-para-evitar-accidentes","status":"publish","type":"post","link":"https:\/\/defrentealaverdad.com\/index.php\/2023\/04\/09\/digesett-realizo-con-exito-el-carreteo-para-evitar-accidentes\/","title":{"rendered":"DIGESETT realiz\u00f3 con \u00e9xito el carreteo para evitar accidentes"},"content":{"rendered":"<div class=\"separator\" style=\"text-align: justify;\">Por Felix Rubio<\/div>\n<div style=\"text-align: justify;\"><\/div>\n<div style=\"text-align: justify;\"><a href=\"https:\/\/blogger.googleusercontent.com\/img\/b\/R29vZ2xl\/AVvXsEgSu-YpmdqFyEEXNhpGyQPIbZEk1m_CziqXR9fYN123IuLjmQ20mV9hAGIKSxW7jpVaYOr6zDYAwQUDoq52FnaBvYP-NzDNWhZQB8H5K4LKtF6XfnHiT0C6KCFSjRXUqWeIrRummaOeogFUitzroTiR-k9cgS1N7yifXrQK6pqhJKV-DS0UQW6OuPDzQQ\/s1927\/IMG_4389.jpeg\"><img decoding=\"async\" data-src=\"https:\/\/blogger.googleusercontent.com\/img\/b\/R29vZ2xl\/AVvXsEgSu-YpmdqFyEEXNhpGyQPIbZEk1m_CziqXR9fYN123IuLjmQ20mV9hAGIKSxW7jpVaYOr6zDYAwQUDoq52FnaBvYP-NzDNWhZQB8H5K4LKtF6XfnHiT0C6KCFSjRXUqWeIrRummaOeogFUitzroTiR-k9cgS1N7yifXrQK6pqhJKV-DS0UQW6OuPDzQQ\/s320\/IMG_4389.jpeg\" width=\"320\" height=\"193\" border=\"0\" data-original-height=\"1164\" data-original-width=\"1927\" src=\"data:image\/svg+xml;base64,PHN2ZyB3aWR0aD0iMSIgaGVpZ2h0PSIxIiB4bWxucz0iaHR0cDovL3d3dy53My5vcmcvMjAwMC9zdmciPjwvc3ZnPg==\" class=\"lazyload\" style=\"--smush-placeholder-width: 320px; --smush-placeholder-aspect-ratio: 320\/193;\" \/><\/a><\/div>\n<p style=\"text-align: justify;\">La Direcci\u00f3n General de Seguridad de Tr\u00e1nsito y Transporte Terrestre (DIGESETT) concluy\u00f3 con \u00e9xito este Domingo de Resurrecci\u00f3n los carreteos simult\u00e1neos para garantizar un regreso seguro a las personas que salieron a vacacionar o a visitar sus familiares durante la Semana Santa.<\/p>\n<p>El director de la DIGESETT, general Ram\u00f3n Antonio Guzm\u00e1n Peralta, P.N., explic\u00f3 que el control en las v\u00edas empez\u00f3 como se hab\u00eda programado, de forma simult\u00e1nea, a las 2:00 de la tarde.<\/p>\n<p>El carreteo en el Este, inici\u00f3 en Punta Cana hasta el puente Juan Carlos de la Autopista Las Am\u00e9ricas, provincia Santo Domingo.<\/p>\n<p>En la Aut. Duarte se tom\u00f3 como inicio la ciudad de Santiago de los Caballeros hasta el Km. 25 de la Aut. Duarte.<\/p>\n<p>En la regi\u00f3n Sur el carreteo comienza en el municipio de Ban\u00ed y termina en el peaje de la autopista 6 de Noviembre.<\/p>\n<p>El control de velocidad fue supervisado por Guzm\u00e1n Peralta, quien agradeci\u00f3 a los conductores por su colaboraci\u00f3n durante los controles que establecieron los agentes de tr\u00e1nsito<\/p>\n<p style=\"text-align: justify;\">Fuente: Direcci\u00f3n General de Seguridad de Tr\u00e1nsito y Transporte Terrestre<\/p>\n","protected":false},"excerpt":{"rendered":"<p>Por Felix Rubio La Direcci\u00f3n General de Seguridad de Tr\u00e1nsito y Transporte Terrestre (DIGESETT) concluy\u00f3<\/p>\n","protected":false},"author":1,"featured_media":0,"comment_status":"open","ping_status":"open","sticky":false,"template":"","format":"standard","meta":{"footnotes":""},"categories":[7],"tags":[],"class_list":["post-4265","post","type-post","status-publish","format-standard","hentry","category-nacionales"],"_links":{"self":[{"href":"https:\/\/defrentealaverdad.com\/index.php\/wp-json\/wp\/v2\/posts\/4265","targetHints":{"allow":["GET"]}}],"collection":[{"href":"https:\/\/defrentealaverdad.com\/index.php\/wp-json\/wp\/v2\/posts"}],"about":[{"href":"https:\/\/defrentealaverdad.com\/index.php\/wp-json\/wp\/v2\/types\/post"}],"author":[{"embeddable":true,"href":"https:\/\/defrentealaverdad.com\/index.php\/wp-json\/wp\/v2\/users\/1"}],"replies":[{"embeddable":true,"href":"https:\/\/defrentealaverdad.com\/index.php\/wp-json\/wp\/v2\/comments?post=4265"}],"version-history":[{"count":2,"href":"https:\/\/defrentealaverdad.com\/index.php\/wp-json\/wp\/v2\/posts\/4265\/revisions"}],"predecessor-version":[{"id":4267,"href":"https:\/\/defrentealaverdad.com\/index.php\/wp-json\/wp\/v2\/posts\/4265\/revisions\/4267"}],"wp:attachment":[{"href":"https:\/\/defrentealaverdad.com\/index.php\/wp-json\/wp\/v2\/media?parent=4265"}],"wp:term":[{"taxonomy":"category","embeddable":true,"href":"https:\/\/defrentealaverdad.com\/index.php\/wp-json\/wp\/v2\/categories?post=4265"},{"taxonomy":"post_tag","embeddable":true,"href":"https:\/\/defrentealaverdad.com\/index.php\/wp-json\/wp\/v2\/tags?post=4265"}],"curies":[{"name":"wp","href":"https:\/\/api.w.org\/{rel}","templated":true}]}}