{"id":4250,"date":"2023-04-09T19:20:48","date_gmt":"2023-04-09T19:20:48","guid":{"rendered":"https:\/\/defrentealaverdad.com\/?p=4250"},"modified":"2023-04-10T19:23:41","modified_gmt":"2023-04-10T19:23:41","slug":"jaquez-afirma-no-habran-sorpresas-con-triunfo-reeleccionista-de-abinader-en-2024-por-mandato-del-pueblo","status":"publish","type":"post","link":"https:\/\/defrentealaverdad.com\/index.php\/2023\/04\/09\/jaquez-afirma-no-habran-sorpresas-con-triunfo-reeleccionista-de-abinader-en-2024-por-mandato-del-pueblo\/","title":{"rendered":"J\u00e1quez afirma no habr\u00e1n sorpresas con triunfo reeleccionista de Abinader en 2024 por mandato del pueblo"},"content":{"rendered":"<p><img decoding=\"async\" class=\"aligncenter lazyload\" data-src=\"https:\/\/elpregonerord.com\/wp-content\/uploads\/2023\/04\/18A1C6A0-0ABD-46B0-96B7-413A26B24A59.jpeg\" src=\"data:image\/svg+xml;base64,PHN2ZyB3aWR0aD0iMSIgaGVpZ2h0PSIxIiB4bWxucz0iaHR0cDovL3d3dy53My5vcmcvMjAwMC9zdmciPjwvc3ZnPg==\" \/><\/p>\n<p style=\"text-align: justify;\"><span data-originalfontsize=\"12pt\" data-originalcomputedfontsize=\"16\">NUEVA YORK._ El\u00a0<strong>c\u00f3nsul general dominicano con sede en esta ciudad, ingeniero Eligio J\u00e1quez,<\/strong>\u00a0afirm\u00f3 que en las elecciones presidenciales de 2024 no habr\u00e1n sorpresas con el triunfo de la\u00a0<strong>reelecci\u00f3n<\/strong>\u00a0del presidente\u00a0<strong>Luis Abinader<\/strong>\u00a0por mandato del pueblo dominicano.<\/span><\/p>\n<p style=\"text-align: justify;\"><span data-originalfontsize=\"12pt\" data-originalcomputedfontsize=\"16\"><strong>\u201cEso no es fanatismo ni nada de eso, es que se trata de un hombre como Luis Abinader y si tuviera en otro partido, tuvi\u00e9ramos la duda por lo menos pero ese no es el caso\u201d,<\/strong>\u00a0dijo J\u00e1quez en una entrevista con el programa \u201cSeguimos Cambiando\u201d que producen y conducen Yessenia Erickson \u00a0y Jos\u00e9 Solim\u00e1n por el canal de El Sol.<\/span><\/p>\n<p style=\"text-align: justify;\"><span data-originalfontsize=\"12pt\" data-originalcomputedfontsize=\"16\">Se\u00f1al\u00f3 que si se toma a\u00a0<strong>Nueva York<\/strong>\u00a0como term\u00f3metro, una ciudad muy universal donde se puede tomar el \u00e1nimo de c\u00f3mo andan las democracias del mundo y cualquiera se podr\u00e1 dar cuenta de que uno, tiene razones de sobra de estar orgulloso de ser dominicano por el tipo de Gobierno que desde aqu\u00ed se percibe que se est\u00e1 levando a cabo en la Rep\u00fablica Dominicana.<\/span><\/p>\n<div class=\"adsb30\" style=\"text-align: justify;\">\n<p>&nbsp;<\/p>\n<div id=\"aswift_3_host\" tabindex=\"0\" title=\"Advertisement\" aria-label=\"Advertisement\"><strong>\u201cCreo que tambi\u00e9n ese buen Gobierno que se despliega a satisfacci\u00f3n de todas las exigencias que pueda tener un Gobierno con resultados econ\u00f3micos, acad\u00e9micos, pol\u00edticos, de pol\u00edticas migratoria, social, legal, con una justicia de la manera que la reclama el pa\u00eds, independiente, da lugar a pensar que pudiera ser reedita cuando se convoque a la poblaci\u00f3n en el 19 mayo\u00a0 del a\u00f1o 2024 cuando se convoque al pueblo para decidir qui\u00e9n ser\u00e1 el presidente\u00a0 en las pr\u00f3ximas elecciones\u201d,<\/strong>\u00a0indic\u00f3 J\u00e1quez.<\/div>\n<p>&nbsp;<\/p>\n<\/div>\n<p style=\"text-align: justify;\"><span data-originalfontsize=\"12pt\" data-originalcomputedfontsize=\"16\">\u201cYo no tengo ninguna duda de que las cosas continuar como van, no habr\u00e1 sorpresas\u201d, agreg\u00f3.<\/span><\/p>\n<p style=\"text-align: justify;\"><span data-originalfontsize=\"12pt\" data-originalcomputedfontsize=\"16\">\u201cYa quisiera cualquier pa\u00eds del mundo tener una persona adornada de las condiciones humanas, pol\u00edticas e intelectuales, familiares y hasta religiosas que son indispensables para una buena gobernanza\u201d, sostuvo el c\u00f3nsul.<\/span><\/p>\n<p style=\"text-align: justify;\"><span data-originalfontsize=\"12pt\" data-originalcomputedfontsize=\"16\">\u201cY con la humildad de reparar y corregir y de que si hay que echar hacia atr\u00e1s una medida porque alguien demostr\u00f3 que era improcedente, no vacila en hacerlo\u201d, subray\u00f3.<\/span><\/p>\n<p style=\"text-align: justify;\"><span data-originalfontsize=\"12pt\" data-originalcomputedfontsize=\"16\">En la entrevista, J\u00e1quez tambi\u00e9n resalt\u00f3 el respaldo y gratitud de la di\u00e1spora a su gesti\u00f3n y el desempe\u00f1o de las oficinas estatales que operan en la sede consular.<\/span><\/p>\n<p>&nbsp;<\/p>\n<p>Fuente: El Pregonero RD<\/p>\n","protected":false},"excerpt":{"rendered":"<p>NUEVA YORK._ El\u00a0c\u00f3nsul general dominicano con sede en esta ciudad, ingeniero Eligio J\u00e1quez,\u00a0afirm\u00f3 que en<\/p>\n","protected":false},"author":1,"featured_media":0,"comment_status":"open","ping_status":"open","sticky":false,"template":"","format":"standard","meta":{"footnotes":""},"categories":[16,12],"tags":[],"class_list":["post-4250","post","type-post","status-publish","format-standard","hentry","category-internacionales","category-politicas"],"_links":{"self":[{"href":"https:\/\/defrentealaverdad.com\/index.php\/wp-json\/wp\/v2\/posts\/4250","targetHints":{"allow":["GET"]}}],"collection":[{"href":"https:\/\/defrentealaverdad.com\/index.php\/wp-json\/wp\/v2\/posts"}],"about":[{"href":"https:\/\/defrentealaverdad.com\/index.php\/wp-json\/wp\/v2\/types\/post"}],"author":[{"embeddable":true,"href":"https:\/\/defrentealaverdad.com\/index.php\/wp-json\/wp\/v2\/users\/1"}],"replies":[{"embeddable":true,"href":"https:\/\/defrentealaverdad.com\/index.php\/wp-json\/wp\/v2\/comments?post=4250"}],"version-history":[{"count":2,"href":"https:\/\/defrentealaverdad.com\/index.php\/wp-json\/wp\/v2\/posts\/4250\/revisions"}],"predecessor-version":[{"id":4252,"href":"https:\/\/defrentealaverdad.com\/index.php\/wp-json\/wp\/v2\/posts\/4250\/revisions\/4252"}],"wp:attachment":[{"href":"https:\/\/defrentealaverdad.com\/index.php\/wp-json\/wp\/v2\/media?parent=4250"}],"wp:term":[{"taxonomy":"category","embeddable":true,"href":"https:\/\/defrentealaverdad.com\/index.php\/wp-json\/wp\/v2\/categories?post=4250"},{"taxonomy":"post_tag","embeddable":true,"href":"https:\/\/defrentealaverdad.com\/index.php\/wp-json\/wp\/v2\/tags?post=4250"}],"curies":[{"name":"wp","href":"https:\/\/api.w.org\/{rel}","templated":true}]}}