{"id":4242,"date":"2023-04-10T19:16:43","date_gmt":"2023-04-10T19:16:43","guid":{"rendered":"https:\/\/defrentealaverdad.com\/?p=4242"},"modified":"2023-04-10T19:16:43","modified_gmt":"2023-04-10T19:16:43","slug":"sns-fundacion-y-gremios-periodisticos-anuncian-jornada-de-salud","status":"publish","type":"post","link":"https:\/\/defrentealaverdad.com\/index.php\/2023\/04\/10\/sns-fundacion-y-gremios-periodisticos-anuncian-jornada-de-salud\/","title":{"rendered":"SNS, fundaci\u00f3n y gremios period\u00edsticos anuncian jornada de salud"},"content":{"rendered":"<p>Por Felix Rubio<\/p>\n<p><img decoding=\"async\" class=\"aligncenter lazyload\" data-src=\"https:\/\/blogger.googleusercontent.com\/img\/b\/R29vZ2xl\/AVvXsEhTK_gpntplJ8xoR8OdrN5uqKyCPrkWF11foAgvEGPIX0qR8MOh8GAmVo6RHcX7xDXLbVW-sKv136PfH5IkbXrugvuoun_HmtYmyaLBw_fTWsVS4n79J3rkUpzv95RjwTfcXVlEjG6OitGkssptroU_veXOWBmCHgW1VQKYm7IPhG-jUMAAWaz1iJCX\/w400-h300\/IMG-20230410-WA0026.jpg\" src=\"data:image\/svg+xml;base64,PHN2ZyB3aWR0aD0iMSIgaGVpZ2h0PSIxIiB4bWxucz0iaHR0cDovL3d3dy53My5vcmcvMjAwMC9zdmciPjwvc3ZnPg==\" \/><\/p>\n<div style=\"text-align: justify;\">SANTO DOMINGO.- El Colegio Dominicano de Periodistas \/CDP), y el Instituto de Previsi\u00f3n y Protecci\u00f3n del Periodista (IPPP), anunciaron la realizaci\u00f3n, el 12 de abril. de una jornada de salud para los periodistas, el personal de los medios de comunicaci\u00f3n y sus parientes.<\/div>\n<div style=\"text-align: justify;\">Ese d\u00eda se ofrecer\u00e1n, totalmente gratis, servicios de sonograf\u00eda, sonomamograf\u00eda, examen de la pr\u00f3stata, pruebas de diabetes, de hipertensi\u00f3n, examen de la vista, lentes para quienes lo ameriten, entre otros.<\/div>\n<div style=\"text-align: justify;\"><\/div>\n<div style=\"text-align: justify;\">Durante una rueda de prensa efectuada en el CDP, el lunes 3 de abril, junto a directivos de los gremios period\u00edsticos, Olivo De Le\u00f3n, presidente del IPPP, inform\u00f3 que la jornada tendr\u00e1 lugar el mi\u00e9rcoles 12 de abril, de nueve de la ma\u00f1ana a cuatro de la tarde, en la sede del CDP, en el Centro de Los H\u00e9roes de esta capital.<\/div>\n<div style=\"text-align: justify;\"><\/div>\n<div style=\"text-align: justify;\">La actividad ser\u00e1 organizada por el Servicio Nacional de Salud (SNS), el IPPP, el CDP, la Fundaci\u00f3n Mujer con Esperanza, el Sindicato Nacional de Trabajadores de la Prensa (SNTP), la Asociaci\u00f3n Dominicana de Cronistas Sociales (ADCS), el C\u00edrculo de Reporteros Gr\u00e1ficos de Televisi\u00f3n (CRGTV), y a Asociaci\u00f3n de Fotorreporteros de la Rep\u00fablica Dominicana, entre otros gremios de la prensa.<\/div>\n<div style=\"text-align: justify;\"><\/div>\n<div style=\"text-align: justify;\">Dijo que la jornada es organizada por estas instituciones, como parte del programa de actividades que ejecutan los gremios de la prensa durante la celebraci\u00f3n en abril, del Mes del Periodista.<\/div>\n<div style=\"text-align: justify;\"><\/div>\n<div style=\"text-align: justify;\">De Le\u00f3n precis\u00f3 que el SNS dispondr\u00e1 de los m\u00e9dicos, equipos y facilidades para los ex\u00e1menes de diabetes e hipertensi\u00f3n, pruebas de pr\u00f3stata, y para practicarle a las damas la sonograf\u00eda y la sonomamograf\u00eda.<\/div>\n<div style=\"text-align: justify;\"><\/div>\n<div style=\"text-align: justify;\">Record\u00f3 que la sonomamograf\u00eda o ultrasonido de seno es un procedimiento no invasivo que se utiliza para evaluar los senos, y que a menudo se realiza junto a una mamograf\u00eda, con el prop\u00f3sito de observar cambios en las mamas o para establecer diferencias entre quistes de l\u00edquidos y masas s\u00f3lidas.<\/div>\n<div style=\"text-align: justify;\"><\/div>\n<div style=\"text-align: justify;\">Agreg\u00f3 que tambi\u00e9n se puede utilizar para evaluar el flujo sangu\u00edneo a las zonas dentro de los senos.<\/div>\n<div style=\"text-align: justify;\"><\/div>\n<div style=\"text-align: justify;\">Precis\u00f3 que la Fundaci\u00f3n Mujer con Esperanza dispondr\u00e1 de m\u00e9dicos en distintas especialidades, entre ellos, de oftalm\u00f3logos para chequearle la vista a todos los interesados y recomendarle lentes en los casos que sean necesarios.<\/div>\n<div style=\"text-align: justify;\"><\/div>\n<div style=\"text-align: justify;\">El presidente del IPPP sostuvo que esa entidad y el CDP se aprestan a firmar un convenio con el SNS, que contempla, entre otras actividades, la organizaci\u00f3n de jornadas como \u00e9stas en distintos lugares del pa\u00eds.<\/div>\n<div><\/div>\n<div>Fuente: CDP<\/div>\n","protected":false},"excerpt":{"rendered":"<p>Por Felix Rubio SANTO DOMINGO.- El Colegio Dominicano de Periodistas \/CDP), y el Instituto de<\/p>\n","protected":false},"author":1,"featured_media":0,"comment_status":"open","ping_status":"open","sticky":false,"template":"","format":"standard","meta":{"footnotes":""},"categories":[7],"tags":[],"class_list":["post-4242","post","type-post","status-publish","format-standard","hentry","category-nacionales"],"_links":{"self":[{"href":"https:\/\/defrentealaverdad.com\/index.php\/wp-json\/wp\/v2\/posts\/4242","targetHints":{"allow":["GET"]}}],"collection":[{"href":"https:\/\/defrentealaverdad.com\/index.php\/wp-json\/wp\/v2\/posts"}],"about":[{"href":"https:\/\/defrentealaverdad.com\/index.php\/wp-json\/wp\/v2\/types\/post"}],"author":[{"embeddable":true,"href":"https:\/\/defrentealaverdad.com\/index.php\/wp-json\/wp\/v2\/users\/1"}],"replies":[{"embeddable":true,"href":"https:\/\/defrentealaverdad.com\/index.php\/wp-json\/wp\/v2\/comments?post=4242"}],"version-history":[{"count":1,"href":"https:\/\/defrentealaverdad.com\/index.php\/wp-json\/wp\/v2\/posts\/4242\/revisions"}],"predecessor-version":[{"id":4243,"href":"https:\/\/defrentealaverdad.com\/index.php\/wp-json\/wp\/v2\/posts\/4242\/revisions\/4243"}],"wp:attachment":[{"href":"https:\/\/defrentealaverdad.com\/index.php\/wp-json\/wp\/v2\/media?parent=4242"}],"wp:term":[{"taxonomy":"category","embeddable":true,"href":"https:\/\/defrentealaverdad.com\/index.php\/wp-json\/wp\/v2\/categories?post=4242"},{"taxonomy":"post_tag","embeddable":true,"href":"https:\/\/defrentealaverdad.com\/index.php\/wp-json\/wp\/v2\/tags?post=4242"}],"curies":[{"name":"wp","href":"https:\/\/api.w.org\/{rel}","templated":true}]}}