{"id":4239,"date":"2023-04-10T19:13:16","date_gmt":"2023-04-10T19:13:16","guid":{"rendered":"https:\/\/defrentealaverdad.com\/?p=4239"},"modified":"2023-04-10T19:13:44","modified_gmt":"2023-04-10T19:13:44","slug":"luis-abinader-se-solidariza-con-ruben-toyota-tras-conflicto-con-general-olivence-minaya","status":"publish","type":"post","link":"https:\/\/defrentealaverdad.com\/index.php\/2023\/04\/10\/luis-abinader-se-solidariza-con-ruben-toyota-tras-conflicto-con-general-olivence-minaya\/","title":{"rendered":"Luis Abinader se solidariza con Rub\u00e9n Toyota tras conflicto con general Olivence Minaya"},"content":{"rendered":"<p>Santo Domingo.- El presidente\u00a0Luis Abinader\u00a0hizo una llamada telef\u00f3nica al exsenador\u00a0Rub\u00e9n Dar\u00edo Cruz, para expresarle su solidaridad luego de que el general de brigada de la Polic\u00eda Nacional,\u00a0\u00a0Orison Olivence Minaya\u00a0con asiento en\u00a0San Pedro de Macor\u00eds, se presentara a un evento deportivo que realizaba el excongresista en el rancho tur\u00edstico, tratando de apagar la m\u00fasica, situaci\u00f3n que gener\u00f3 descontento.<\/p>\n<p>Trascendi\u00f3 en la prensa que el general de brigada,\u00a0jefe del comando sureste de la Polic\u00eda Nacional,\u00a0con asiento en San Pedro de Macor\u00eds, se presentar\u00e1 al\u00a0Rancho Tur\u00edstico Do\u00f1a Callita, propiedad del ex senador del Partido de la Liberaci\u00f3n Dominicana,\u00a0Rub\u00e9n Dar\u00edo Cruz (Rub\u00e9n Toyota),\u00a0supuestamente tratando de llevarse la m\u00fasica.<\/p>\n<p>El equipo de sonido en ese momento se utilizaba para animar el torneo de voleibol playero que cada a\u00f1o se realiza en el lugar. El alto oficial, aleg\u00f3 que ten\u00eda una resoluci\u00f3n que le permit\u00eda accionar. Esta acci\u00f3n llam\u00f3 la atenci\u00f3n del Presidente de la Rep\u00fablica Luis Abinader quien llam\u00f3 y se solidariz\u00f3 con el ex senador Rub\u00e9n Dar\u00edo Cruz.\u00a0La llamada del mandatario se origin\u00f3 momento en que premiaban a los atletas que participaron de los Juegos deportivos voleibol playero.<\/p>\n<p>&nbsp;<\/p>\n<p>Fuente: El Pregonero RD<\/p>\n","protected":false},"excerpt":{"rendered":"<p>Santo Domingo.- El presidente\u00a0Luis Abinader\u00a0hizo una llamada telef\u00f3nica al exsenador\u00a0Rub\u00e9n Dar\u00edo Cruz, para expresarle su<\/p>\n","protected":false},"author":1,"featured_media":0,"comment_status":"open","ping_status":"open","sticky":false,"template":"","format":"standard","meta":{"footnotes":""},"categories":[7],"tags":[],"class_list":["post-4239","post","type-post","status-publish","format-standard","hentry","category-nacionales"],"_links":{"self":[{"href":"https:\/\/defrentealaverdad.com\/index.php\/wp-json\/wp\/v2\/posts\/4239","targetHints":{"allow":["GET"]}}],"collection":[{"href":"https:\/\/defrentealaverdad.com\/index.php\/wp-json\/wp\/v2\/posts"}],"about":[{"href":"https:\/\/defrentealaverdad.com\/index.php\/wp-json\/wp\/v2\/types\/post"}],"author":[{"embeddable":true,"href":"https:\/\/defrentealaverdad.com\/index.php\/wp-json\/wp\/v2\/users\/1"}],"replies":[{"embeddable":true,"href":"https:\/\/defrentealaverdad.com\/index.php\/wp-json\/wp\/v2\/comments?post=4239"}],"version-history":[{"count":2,"href":"https:\/\/defrentealaverdad.com\/index.php\/wp-json\/wp\/v2\/posts\/4239\/revisions"}],"predecessor-version":[{"id":4241,"href":"https:\/\/defrentealaverdad.com\/index.php\/wp-json\/wp\/v2\/posts\/4239\/revisions\/4241"}],"wp:attachment":[{"href":"https:\/\/defrentealaverdad.com\/index.php\/wp-json\/wp\/v2\/media?parent=4239"}],"wp:term":[{"taxonomy":"category","embeddable":true,"href":"https:\/\/defrentealaverdad.com\/index.php\/wp-json\/wp\/v2\/categories?post=4239"},{"taxonomy":"post_tag","embeddable":true,"href":"https:\/\/defrentealaverdad.com\/index.php\/wp-json\/wp\/v2\/tags?post=4239"}],"curies":[{"name":"wp","href":"https:\/\/api.w.org\/{rel}","templated":true}]}}