{"id":42313,"date":"2025-03-22T22:35:40","date_gmt":"2025-03-22T22:35:40","guid":{"rendered":"https:\/\/defrentealaverdad.com\/?p=42313"},"modified":"2025-03-23T22:39:44","modified_gmt":"2025-03-23T22:39:44","slug":"presidente-de-la-confederacion-deportiva-ff-aa-y-la-pn-realiza-una-visita-de-cortesia-al-alcalde-de-santiago","status":"publish","type":"post","link":"https:\/\/defrentealaverdad.com\/index.php\/2025\/03\/22\/presidente-de-la-confederacion-deportiva-ff-aa-y-la-pn-realiza-una-visita-de-cortesia-al-alcalde-de-santiago\/","title":{"rendered":"Presidente de la Confederaci\u00f3n Deportiva FF. AA.  y la PN realiza una visita de cortes\u00eda al alcalde de Santiago"},"content":{"rendered":"<p style=\"text-align: justify;\">Por Felix Rubio<\/p>\n<p style=\"text-align: justify;\">El presidente de la Confederaci\u00f3n Deportiva de las Fuerzas Armadas y la Polic\u00eda Nacional, general de brigada Jos\u00e9 Manuel Dur\u00e1n Ynfante, ERD, acompa\u00f1ado por el Contralmirante Wilson Alfredo Heredia Santos, ARD, presidente del Comit\u00e9 Organizador de los 54 Juegos Deportivos, realizaron una visita de cortes\u00eda al despacho de Ulises Rodr\u00edguez, alcalde de Santiago de los Caballeros, con el objetivo de coordinar los \u00faltimos detalles para la realizaci\u00f3n de la competencia de atletismo, que se llevar\u00e1 a cabo en el complejo deportivo La Barranquita de la ciudad, del 9 al 12 de abril.<\/p>\n<p style=\"text-align: justify;\">En la reuni\u00f3n, se trataron aspectos log\u00edsticos y organizativos fundamentales para garantizar el \u00e9xito de este importante evento deportivo, que reunir\u00e1 a atletas de diversas disciplinas y consolidar\u00e1 una plataforma para promover el deporte y fortalecer la integraci\u00f3n de las Fuerzas Armadas, la Polic\u00eda Nacional y la comunidad en general.<\/p>\n<p style=\"text-align: justify;\">El evento, que se perfila como una verdadera celebraci\u00f3n del esfuerzo y la destreza deportiva, contar\u00e1 con la participaci\u00f3n de destacados atletas nacionales, quienes competir\u00e1n en un ambiente de camarader\u00eda y profesionalismo.<\/p>\n<p>Fuente: Confederaci\u00f3n Deportiva FF. AA. y PN<\/p>\n","protected":false},"excerpt":{"rendered":"<p>Por Felix Rubio El presidente de la Confederaci\u00f3n Deportiva de las Fuerzas Armadas y la<\/p>\n","protected":false},"author":1,"featured_media":42315,"comment_status":"open","ping_status":"open","sticky":false,"template":"","format":"standard","meta":{"footnotes":""},"categories":[7],"tags":[],"class_list":["post-42313","post","type-post","status-publish","format-standard","has-post-thumbnail","hentry","category-nacionales"],"_links":{"self":[{"href":"https:\/\/defrentealaverdad.com\/index.php\/wp-json\/wp\/v2\/posts\/42313","targetHints":{"allow":["GET"]}}],"collection":[{"href":"https:\/\/defrentealaverdad.com\/index.php\/wp-json\/wp\/v2\/posts"}],"about":[{"href":"https:\/\/defrentealaverdad.com\/index.php\/wp-json\/wp\/v2\/types\/post"}],"author":[{"embeddable":true,"href":"https:\/\/defrentealaverdad.com\/index.php\/wp-json\/wp\/v2\/users\/1"}],"replies":[{"embeddable":true,"href":"https:\/\/defrentealaverdad.com\/index.php\/wp-json\/wp\/v2\/comments?post=42313"}],"version-history":[{"count":1,"href":"https:\/\/defrentealaverdad.com\/index.php\/wp-json\/wp\/v2\/posts\/42313\/revisions"}],"predecessor-version":[{"id":42314,"href":"https:\/\/defrentealaverdad.com\/index.php\/wp-json\/wp\/v2\/posts\/42313\/revisions\/42314"}],"wp:featuredmedia":[{"embeddable":true,"href":"https:\/\/defrentealaverdad.com\/index.php\/wp-json\/wp\/v2\/media\/42315"}],"wp:attachment":[{"href":"https:\/\/defrentealaverdad.com\/index.php\/wp-json\/wp\/v2\/media?parent=42313"}],"wp:term":[{"taxonomy":"category","embeddable":true,"href":"https:\/\/defrentealaverdad.com\/index.php\/wp-json\/wp\/v2\/categories?post=42313"},{"taxonomy":"post_tag","embeddable":true,"href":"https:\/\/defrentealaverdad.com\/index.php\/wp-json\/wp\/v2\/tags?post=42313"}],"curies":[{"name":"wp","href":"https:\/\/api.w.org\/{rel}","templated":true}]}}