{"id":4230,"date":"2023-04-10T19:07:02","date_gmt":"2023-04-10T19:07:02","guid":{"rendered":"https:\/\/defrentealaverdad.com\/?p=4230"},"modified":"2024-11-19T19:30:43","modified_gmt":"2024-11-19T19:30:43","slug":"asueto-de-semana-santa-deja-26-muertos-y-400-intoxicados-por-alcohol","status":"publish","type":"post","link":"https:\/\/defrentealaverdad.com\/index.php\/2023\/04\/10\/asueto-de-semana-santa-deja-26-muertos-y-400-intoxicados-por-alcohol\/","title":{"rendered":"Asueto de Semana Santa deja 26 muertos y 400 intoxicados por alcohol"},"content":{"rendered":"<div class=\"separator\" style=\"text-align: justify;\"><a href=\"https:\/\/blogger.googleusercontent.com\/img\/b\/R29vZ2xl\/AVvXsEg13bYYFtita-QSEC0Na8c8dXkEuN-LUOtmRkPm4vSazGWzGutNMRjLdyFMZc1X55Tz96Urrip2gwmcHo4q0Si2D28qEOajYDx-6ZfslXrSjFgHSPnQQb5xa5CB6pGf4Yq1B4CjprXaghgN8L26vH5rzzPr21LIurdD3tJ9qd-DAhRSxk9zqBG24oELlg\/s640\/COE.jpg\"><img decoding=\"async\" data-src=\"https:\/\/blogger.googleusercontent.com\/img\/b\/R29vZ2xl\/AVvXsEg13bYYFtita-QSEC0Na8c8dXkEuN-LUOtmRkPm4vSazGWzGutNMRjLdyFMZc1X55Tz96Urrip2gwmcHo4q0Si2D28qEOajYDx-6ZfslXrSjFgHSPnQQb5xa5CB6pGf4Yq1B4CjprXaghgN8L26vH5rzzPr21LIurdD3tJ9qd-DAhRSxk9zqBG24oELlg\/s320\/COE.jpg\" width=\"320\" height=\"213\" border=\"0\" data-original-height=\"426\" data-original-width=\"640\" src=\"data:image\/svg+xml;base64,PHN2ZyB3aWR0aD0iMSIgaGVpZ2h0PSIxIiB4bWxucz0iaHR0cDovL3d3dy53My5vcmcvMjAwMC9zdmciPjwvc3ZnPg==\" class=\"lazyload\" style=\"--smush-placeholder-width: 320px; --smush-placeholder-aspect-ratio: 320\/213;\" \/><\/a><\/div>\n<p style=\"text-align: justify;\">El Centro de Operaciones de Emergencias (COE), dio a conocer mediante tres boletines emitidos hasta ayer, durante el asueto de la Semana Santa se hab\u00edan registrado un total de 26 muertes, de las cuales 22 fueron por accidentes de tr\u00e1nsito y cuatro, por asfixia por inmersi\u00f3n (ahogamiento).<\/p>\n<p style=\"text-align: justify;\">Obteniendo una baja con relaci\u00f3n al a\u00f1o pasado donde la cantidad de muertos durante la Semana Mayor alcanz\u00f3 los 35.<\/p>\n<p style=\"text-align: justify;\">Los tres boletines fueron ofrecidos el viernes, el s\u00e1bado y el domingo Santo, por el mayor general Juan Manuel M\u00e9ndez Garc\u00eda, director del COE y otros representantes de ese centro interinstitucional.<\/p>\n<p style=\"text-align: justify;\">En total, el COE entreg\u00f3 a los periodistas dos listas de fallecidos; una con trece v\u00edctimas, consideradas dentro del operativo \u201cConvivencia por la Vida\u201d y otra, con otras trece, cuyos decesos ocurrieron fuera de los dispositivos de seguridad vial que instalaron en los tramos carreteros de las principales v\u00edas y autopistas del pa\u00eds, as\u00ed como en playas y balnearios permitidos, por lo que no los consideran en el operativo.<\/p>\n<p style=\"text-align: justify;\">La lista de los fallecidos dentro del operativo de Semana Santa incluye a Jos\u00e9 Antonio Mart\u00ednez Aybar, de 33 a\u00f1os; Israel And\u00fajar Medina, de 61 a\u00f1os; Antonio Encarnaci\u00f3n Encarnaci\u00f3n, de 54 a\u00f1os; Juan Pinales, de 52 a\u00f1os y Luis Armando Zapata, de 49 a\u00f1os.<\/p>\n<p style=\"text-align: justify;\">Tambi\u00e9n, murieron durante el feriado Alahia Maiteh P\u00e9rez Mora, de dos a\u00f1os; Antonio Francisco Mercedes, de 37 a\u00f1os y Rafa Balbuena, de 55 a\u00f1os. Las causas de sus fallecimientos fueron por accidente de tr\u00e1nsito vehicular o por motocicleta. En tanto que murieron por asfixia por inmersi\u00f3n Yency Fernando Matos Ferreras, de 25 a\u00f1os; Rosario Placencia, de 30 a\u00f1os y Reylin N\u00fa\u00f1ez Hern\u00e1ndez, de 20 a\u00f1os.<\/p>\n<p style=\"text-align: justify;\">Mientras que, en la lista de decesos, no considerada parte del operativo, figuran Jes\u00fas Daniel de la Cruz Disla, de 33 a\u00f1os, Jeiren Manuel Ram\u00edrez Tena, de un a\u00f1o y Roger E. Javier Cuevas, de 44 a\u00f1os.<\/p>\n<p style=\"text-align: justify;\"><strong>Excesos por bebidas alcoh\u00f3lica<\/strong><\/p>\n<p style=\"text-align: justify;\">En tanto que, el COE inform\u00f3 que desde el jueves 6 de abril, a las 2 de la tarde, a las 6 de la ma\u00f1ana del domingo 9 de abril se registraron 400 intoxicaciones por alcohol, de las cuales 25 fueron de menores de edad, de entre 3 y 17 a\u00f1os. Mientras que sufrieron intoxicaci\u00f3n alimentaria 171 personas.<\/p>\n<p style=\"text-align: justify;\">Sobre la cantidad de menores intoxicados por alcohol, el mayor general M\u00e9ndez Garc\u00eda dijo que tan pronto reciben las informaciones del Servicio Nacional de Salud (SNS) los remiten a la Procuradur\u00eda General de la Rep\u00fablica, debido a que record\u00f3 que el COE solo es un organismo de coordinaci\u00f3n. No obstante, precis\u00f3: \u201cPero s\u00ed entiendo que deben de ser dr\u00e1sticos en el tema porque se trata del futuro del pa\u00eds. No podemos permitir que nuestros ni\u00f1os beban alcohol desde temprana edad\u201d.<\/p>\n<p style=\"text-align: justify;\">Se refiri\u00f3 a esos casos que suceden ya sea por negligencia o inobservancia y dijo que no se debe permitir que los infantes sufran las consecuencias de tener progenitores irresponsables<\/p>\n<p style=\"text-align: justify;\"><strong>Menores extraviados<\/strong><\/p>\n<p style=\"text-align: justify;\">Durante el operativo \u201cConciencia por la Vida 2023\u201d hasta ayer, a las 6 de la ma\u00f1ana, se hab\u00edan ofrecido 8,947 asistencias viales y 4,365 asistencias m\u00e9dicas y de salud. Tambi\u00e9n, lograron ubicar a los padres de unos 32 menores de edad que se encontraban extraviados.<\/p>\n<p style=\"text-align: justify;\">Carreteo de la Digesset, Comipol, Intrant.<\/p>\n<p style=\"text-align: justify;\">Durante la rueda de prensa, el coronel Rafael Tejada Baldera, vocero de la Digesset, inform\u00f3 que, desde ayer, a las 2 de la tarde, inici\u00f3 el operativo denominado \u201cCarreteo\u201d, un dispositivo de control de velocidad que tiene como fin reducir los accidentes viales.<\/p>\n<p style=\"text-align: justify;\">Para ese operativo, dijo que contar\u00edan con el respaldo de la Comisi\u00f3n Militar y Policial del Ministerio de Obras P\u00fablicas (Comipol) y el Instituto Nacional de Tr\u00e1nsito y Transporte Terrestre (Intrant).<\/p>\n<p style=\"text-align: justify;\"><strong>Estad\u00edsticas globales finales<\/strong><\/p>\n<p style=\"text-align: justify;\">El director del COE record\u00f3 que hoy, a las 11 de la ma\u00f1ana, dar\u00e1n a conocer las estad\u00edsticas globales de las incidencias registradas durante el operativo \u201cConciencia por la Vida 2023\u201d y record\u00f3 que el mismo finaliz\u00f3 ayer, a las 6 de la tarde.<\/p>\n<p style=\"text-align: justify;\">En tanto que, el coronel Alfredo de La Cruz, jefe de operaciones de la Comipol, ante una pregunta period\u00edstica sobre una supuesta disminuci\u00f3n de los patrullajes, destac\u00f3 que este a\u00f1o aumentaron a 60 las unidades patrulleras.<\/p>\n<p style=\"text-align: justify;\">Fuente: Diario Libre<\/p>\n","protected":false},"excerpt":{"rendered":"<p>El Centro de Operaciones de Emergencias (COE), dio a conocer mediante tres boletines emitidos hasta<\/p>\n","protected":false},"author":1,"featured_media":0,"comment_status":"open","ping_status":"open","sticky":false,"template":"","format":"standard","meta":{"footnotes":""},"categories":[7],"tags":[],"class_list":["post-4230","post","type-post","status-publish","format-standard","hentry","category-nacionales"],"_links":{"self":[{"href":"https:\/\/defrentealaverdad.com\/index.php\/wp-json\/wp\/v2\/posts\/4230","targetHints":{"allow":["GET"]}}],"collection":[{"href":"https:\/\/defrentealaverdad.com\/index.php\/wp-json\/wp\/v2\/posts"}],"about":[{"href":"https:\/\/defrentealaverdad.com\/index.php\/wp-json\/wp\/v2\/types\/post"}],"author":[{"embeddable":true,"href":"https:\/\/defrentealaverdad.com\/index.php\/wp-json\/wp\/v2\/users\/1"}],"replies":[{"embeddable":true,"href":"https:\/\/defrentealaverdad.com\/index.php\/wp-json\/wp\/v2\/comments?post=4230"}],"version-history":[{"count":1,"href":"https:\/\/defrentealaverdad.com\/index.php\/wp-json\/wp\/v2\/posts\/4230\/revisions"}],"predecessor-version":[{"id":4235,"href":"https:\/\/defrentealaverdad.com\/index.php\/wp-json\/wp\/v2\/posts\/4230\/revisions\/4235"}],"wp:attachment":[{"href":"https:\/\/defrentealaverdad.com\/index.php\/wp-json\/wp\/v2\/media?parent=4230"}],"wp:term":[{"taxonomy":"category","embeddable":true,"href":"https:\/\/defrentealaverdad.com\/index.php\/wp-json\/wp\/v2\/categories?post=4230"},{"taxonomy":"post_tag","embeddable":true,"href":"https:\/\/defrentealaverdad.com\/index.php\/wp-json\/wp\/v2\/tags?post=4230"}],"curies":[{"name":"wp","href":"https:\/\/api.w.org\/{rel}","templated":true}]}}