{"id":42278,"date":"2025-03-23T18:46:26","date_gmt":"2025-03-23T18:46:26","guid":{"rendered":"https:\/\/defrentealaverdad.com\/?p=42278"},"modified":"2025-03-23T18:46:35","modified_gmt":"2025-03-23T18:46:35","slug":"quedo-inaugurado-el-instituto-oncologico-del-este-ioe","status":"publish","type":"post","link":"https:\/\/defrentealaverdad.com\/index.php\/2025\/03\/23\/quedo-inaugurado-el-instituto-oncologico-del-este-ioe\/","title":{"rendered":"Qued\u00f3 inaugurado el Instituto Oncologico Del Este. IOE"},"content":{"rendered":"<p style=\"text-align: justify;\">Este s\u00e1bado 22 de marzo, fue inaugurado el Instituto Oncol\u00f3gico del Este, IOE La Romana, ubicado en la intersecci\u00f3n de las calles Dr Ferry y Rub\u00ed, en el sector Las Piedras.<\/p>\n<p style=\"text-align: justify;\">El evento cont\u00f3 con la asistencia del senador Eduard Espiritusantos, el Dr Alejandro Hodge, Supervisor Pronvincial de Salud, profesionales de la salud, representantes de empresas farmac\u00e9uticas y allegados a los propietarios.<\/p>\n<p style=\"text-align: justify;\">El evento cont\u00f3 con la bendici\u00f3n del Di\u00e1cono Rafael del Rosario y las palabras centrales de la Dra. Claudia de los Santos, Presidenta y Directora M\u00e9dica de IOE, quien agradeci\u00f3 a los asistentes y describi\u00f3 los servicios que est\u00e1n siendo ofrecidos, adem\u00e1s de presentar las estad\u00edsticas de C\u00e1ncer en Rep\u00fablica Dominicana y el mundo, adem\u00e1s de puntualizar algunas deficiencias del sistema, que afectan el tratamiento de pacientes con C\u00e1ncer.<\/p>\n<p style=\"text-align: justify;\">El evento culmin\u00f3 con un recorrido de los presentes por las instalaciones del centro y as\u00ed constatar sus modernas instalaciones.<\/p>\n<p style=\"text-align: justify;\">Fuente: Instituto Oncol\u00f3gico del Este, IOE La Romana<\/p>\n","protected":false},"excerpt":{"rendered":"<p>Este s\u00e1bado 22 de marzo, fue inaugurado el Instituto Oncol\u00f3gico del Este, IOE La Romana,<\/p>\n","protected":false},"author":4,"featured_media":42279,"comment_status":"open","ping_status":"open","sticky":false,"template":"","format":"standard","meta":{"footnotes":""},"categories":[7],"tags":[],"class_list":["post-42278","post","type-post","status-publish","format-standard","has-post-thumbnail","hentry","category-nacionales"],"_links":{"self":[{"href":"https:\/\/defrentealaverdad.com\/index.php\/wp-json\/wp\/v2\/posts\/42278","targetHints":{"allow":["GET"]}}],"collection":[{"href":"https:\/\/defrentealaverdad.com\/index.php\/wp-json\/wp\/v2\/posts"}],"about":[{"href":"https:\/\/defrentealaverdad.com\/index.php\/wp-json\/wp\/v2\/types\/post"}],"author":[{"embeddable":true,"href":"https:\/\/defrentealaverdad.com\/index.php\/wp-json\/wp\/v2\/users\/4"}],"replies":[{"embeddable":true,"href":"https:\/\/defrentealaverdad.com\/index.php\/wp-json\/wp\/v2\/comments?post=42278"}],"version-history":[{"count":1,"href":"https:\/\/defrentealaverdad.com\/index.php\/wp-json\/wp\/v2\/posts\/42278\/revisions"}],"predecessor-version":[{"id":42280,"href":"https:\/\/defrentealaverdad.com\/index.php\/wp-json\/wp\/v2\/posts\/42278\/revisions\/42280"}],"wp:featuredmedia":[{"embeddable":true,"href":"https:\/\/defrentealaverdad.com\/index.php\/wp-json\/wp\/v2\/media\/42279"}],"wp:attachment":[{"href":"https:\/\/defrentealaverdad.com\/index.php\/wp-json\/wp\/v2\/media?parent=42278"}],"wp:term":[{"taxonomy":"category","embeddable":true,"href":"https:\/\/defrentealaverdad.com\/index.php\/wp-json\/wp\/v2\/categories?post=42278"},{"taxonomy":"post_tag","embeddable":true,"href":"https:\/\/defrentealaverdad.com\/index.php\/wp-json\/wp\/v2\/tags?post=42278"}],"curies":[{"name":"wp","href":"https:\/\/api.w.org\/{rel}","templated":true}]}}