{"id":4227,"date":"2023-04-10T14:49:23","date_gmt":"2023-04-10T14:49:23","guid":{"rendered":"https:\/\/defrentealaverdad.com\/?p=4227"},"modified":"2023-04-10T14:49:23","modified_gmt":"2023-04-10T14:49:23","slug":"accra-inicia-la-entrega-formal-de-las-invitaciones-a-premios-galardon","status":"publish","type":"post","link":"https:\/\/defrentealaverdad.com\/index.php\/2023\/04\/10\/accra-inicia-la-entrega-formal-de-las-invitaciones-a-premios-galardon\/","title":{"rendered":"ACCRA inicia la entrega formal de las invitaciones a Premios Galard\u00f3n"},"content":{"rendered":"<div class=\"share\">\n<p style=\"text-align: justify;\"><img decoding=\"async\" data-src=\"https:\/\/img.mmc.com.do\/elcaribe-bucket\/uploads\/2023\/04\/premios-galardon-2020.webp\" src=\"data:image\/svg+xml;base64,PHN2ZyB3aWR0aD0iMSIgaGVpZ2h0PSIxIiB4bWxucz0iaHR0cDovL3d3dy53My5vcmcvMjAwMC9zdmciPjwvc3ZnPg==\" class=\"lazyload\" \/><\/p>\n<\/div>\n<div class=\"content\">\n<p style=\"text-align: justify;\">La Academia Cristiana de Cronistas de Arte (ACCRA) inici\u00f3 esta semana formalmente la entrega de las invitaciones a las distinguidas personalidades que acompa\u00f1ar\u00e1n a los cronistas en la D\u00e9cima Tercera Edici\u00f3n de Premios El Galard\u00f3n, Rep\u00fablica Dominicana 2023.<\/p>\n<p style=\"text-align: justify;\">En un comunicado de prensa enviado y publicado en redes sociales, ACCRA reiter\u00f3 las felicitaciones a todos los nominados y recalc\u00f3 la importancia del evento, el cual tiene como objetivo, compartir con cada uno de los dominicanos, la fiesta del arte y de la comunicaci\u00f3n cristiana en nuestro pa\u00eds. En palabras de sus organizadores, \u201cen un sano encuentro de amigos y hermanos de la fe, que ser\u00e1 de bendici\u00f3n una vez m\u00e1s\u201d<\/p>\n<p style=\"text-align: justify;\">ACCRA record\u00f3 que esta premiaci\u00f3n tiene dos prop\u00f3sitos principales, en primera instancia \u201cexaltar a Dios\u201d y en segundo lugar \u201chonrar a hombres y mujeres de la fe, que con su talento llevan la palabra de Dios al mundo\u201d, cumpliendo, a trav\u00e9s del arte, la cultura y la comunicaci\u00f3n con el mandato de Dios en Marcos 16:15-18, el cual establece que debemos llevar el mensaje del evangelio de Dios a toda criatura en el mundo.<\/p>\n<p style=\"text-align: justify;\">De igual modo, ACCRA record\u00f3 que en ninguna manera los premios son una ovaci\u00f3n a la personalidad individual del artista, si no al talento que Dios ha puesto en manos de ministros de su gracia, quienes han decidido con su vida y dones, \u201cdar por gracia lo que por gracia han recibido\u201d.<\/p>\n<p style=\"text-align: justify;\">Tanto ACCRA como el equipo organizador de Premios El Galard\u00f3n invitan a todos los interesados en el desarrollo de la importante premiaci\u00f3n, a mantenerse atentos y expectantes de todas las informaciones relacionadas con los premios, donde el gran homenajeado es Dios.<\/p>\n<p style=\"text-align: justify;\">Recordando que la semana de la Premiaci\u00f3n inicia el jueves 13 de abril con un Culto de Acci\u00f3n de Gracias en la Iglesia Elohim Central, seguido por una noche de reconocimiento y derroche del talento urbano, el viernes 14 de abril en la Sala Manuel Rueda de la Escuela de Bella Artes (las boletas se encuentran a la venta en https:\/\/www.boletosexpress.com\/noche-urbana\/69214\/ ) y culminando con la Gran Noche de entrega de premios, el s\u00e1bado 15 de abril en la misma Sala Manuel Rueda, donde m\u00e1s de 100 artistas, personalidades y miembros de la comunidad cristiana nacional se dar\u00e1n cita para celebrar la denominada \u201cFIESTA DE TODOS!\u201d<\/p>\n<\/div>\n<p>Fuente: Prensa Premios El Galard\u00f3n<\/p>\n","protected":false},"excerpt":{"rendered":"<p>La Academia Cristiana de Cronistas de Arte (ACCRA) inici\u00f3 esta semana formalmente la entrega de<\/p>\n","protected":false},"author":2,"featured_media":0,"comment_status":"open","ping_status":"open","sticky":false,"template":"","format":"standard","meta":{"footnotes":""},"categories":[6,7],"tags":[],"class_list":["post-4227","post","type-post","status-publish","format-standard","hentry","category-espectaculos","category-nacionales"],"_links":{"self":[{"href":"https:\/\/defrentealaverdad.com\/index.php\/wp-json\/wp\/v2\/posts\/4227","targetHints":{"allow":["GET"]}}],"collection":[{"href":"https:\/\/defrentealaverdad.com\/index.php\/wp-json\/wp\/v2\/posts"}],"about":[{"href":"https:\/\/defrentealaverdad.com\/index.php\/wp-json\/wp\/v2\/types\/post"}],"author":[{"embeddable":true,"href":"https:\/\/defrentealaverdad.com\/index.php\/wp-json\/wp\/v2\/users\/2"}],"replies":[{"embeddable":true,"href":"https:\/\/defrentealaverdad.com\/index.php\/wp-json\/wp\/v2\/comments?post=4227"}],"version-history":[{"count":1,"href":"https:\/\/defrentealaverdad.com\/index.php\/wp-json\/wp\/v2\/posts\/4227\/revisions"}],"predecessor-version":[{"id":4228,"href":"https:\/\/defrentealaverdad.com\/index.php\/wp-json\/wp\/v2\/posts\/4227\/revisions\/4228"}],"wp:attachment":[{"href":"https:\/\/defrentealaverdad.com\/index.php\/wp-json\/wp\/v2\/media?parent=4227"}],"wp:term":[{"taxonomy":"category","embeddable":true,"href":"https:\/\/defrentealaverdad.com\/index.php\/wp-json\/wp\/v2\/categories?post=4227"},{"taxonomy":"post_tag","embeddable":true,"href":"https:\/\/defrentealaverdad.com\/index.php\/wp-json\/wp\/v2\/tags?post=4227"}],"curies":[{"name":"wp","href":"https:\/\/api.w.org\/{rel}","templated":true}]}}