{"id":42269,"date":"2025-03-22T18:33:27","date_gmt":"2025-03-22T18:33:27","guid":{"rendered":"https:\/\/defrentealaverdad.com\/?p=42269"},"modified":"2025-03-23T18:35:48","modified_gmt":"2025-03-23T18:35:48","slug":"indotel-clausura-tres-emisoras-de-radio-y-seis-negocios-de-reventa-de-internet-operaban-ilegalmente","status":"publish","type":"post","link":"https:\/\/defrentealaverdad.com\/index.php\/2025\/03\/22\/indotel-clausura-tres-emisoras-de-radio-y-seis-negocios-de-reventa-de-internet-operaban-ilegalmente\/","title":{"rendered":"INDOTEL clausura tres emisoras de radio y seis negocios de reventa de internet operaban ilegalmente"},"content":{"rendered":"<blockquote>\n<p style=\"text-align: justify;\">La instituci\u00f3n refuerza su lucha contra la operaci\u00f3n ilegal en el espectro radioel\u00e9ctrico y la prestaci\u00f3n de servicios sin autorizaci\u00f3n<\/p>\n<\/blockquote>\n<p style=\"text-align: justify;\"><strong>Santo Domingo <\/strong>\u2013 El Instituto Dominicano de las Telecomunicaciones (INDOTEL) clausur\u00f3 tres emisoras de radio y seis negocios revendedores de servicios de internet que operaban ilegalmente en diferentes partes del pa\u00eds, incumpliendo la Ley General de Telecomunicaciones 153-98<\/p>\n<p style=\"text-align: justify;\">Estas acciones forman parte de los esfuerzos de la entidad para garantizar el cumplimiento de las normativas vigentes en el sector y proteger el uso adecuado del espectro radioel\u00e9ctrico.<\/p>\n<p style=\"text-align: justify;\">Tras un proceso de monitoreo y revisi\u00f3n se determin\u00f3 que las siguientes emisoras operaban sin la licencia correspondiente, lo que constituye una falta grave seg\u00fan el art\u00edculo 106 de la Ley 153-98, entre ellas se encuentran, Fiebre 94.7 FM, clausurada el 16 de diciembre de 2024 en San Crist\u00f3bal, mediante la orden de allanamiento No. 01541-2024-AJOA-03047 y la resoluci\u00f3n de la Direcci\u00f3n Ejecutiva (DE)-103-2024 del INDOTE<\/p>\n<p style=\"text-align: justify;\">Mientras que en la provincia Monse\u00f1or Nouel, en el distrito municipal de Juma, fue cerrada la emisora Mezcla 90.7 FM, mediante la orden de allanamiento No. 2025-AJ0007469 y la Resoluci\u00f3n No. DE-003-2025. La acci\u00f3n tambi\u00e9n fue ejecutada en La Voz del Valle 87.9 FM, el pasado cinco de marzo de 2025 en el municipio de Tamayo, provincia Bahoruco, mediante la orden de allanamiento No. 590-2025-SAJ-00081 y la resoluci\u00f3n No. DE-001-2025.<\/p>\n<p style=\"text-align: justify;\"><strong>Clausura de revendedores ilegales de internet<\/strong><\/p>\n<p style=\"text-align: justify;\">Asimismo, el INDOTEL clausur\u00f3 seis negocios dedicados a la reventa de servicios de internet sin contar con la debida autorizaci\u00f3n, en violaci\u00f3n del art\u00edculo 112 de la Ley General de Telecomunicaciones.<\/p>\n<p style=\"text-align: justify;\">En San Crist\u00f3bal fue cerrada la Sociedad comercial Conexo, S.R.L mediante la orden de allanamiento No. 01541-2024-AJOA-03046 y la resoluci\u00f3n No. DE-100-2024.<\/p>\n<p style=\"text-align: justify;\">De igual manera fueron clausuradas en la provincia San Pedro de Macor\u00eds las empresas de reventa de internet RF Ram\u00f3n Flores Servicios &amp; Conexiones y Carveti Comunicaciones; en Santo Domingo Norte se cerraron negocios a nombre de Jonathan G\u00f3mez, mediante la orden de allanamiento No. 973-2025-EMES-01941 y la resoluci\u00f3n No. DE-111-2024 y Julio Alberto Cabral, mediante la orden de allanamiento No. 973-2025-EMES-01126 y la resoluci\u00f3n No. DE-077-2024.<\/p>\n<p style=\"text-align: justify;\">En tanto que, en El Seibo, se efectu\u00f3 el mismo procedimiento con el negocio Cetutd Net Solutions, mediante la orden de allanamiento No. 2025-AJ0011624 y la resoluci\u00f3n No. DE-017-2025.<\/p>\n<p style=\"text-align: justify;\">El INDOTEL, en la gesti\u00f3n encabezada por Guido G\u00f3mez Mazara como presidente del Consejo Directivo, ha reforzado el cumplimiento de la normativa para evitar la operaci\u00f3n ilegal en el sector de las telecomunicaciones, por lo que ha clausurado 10 emisoras y 9 revendedores de servicio de internet.<\/p>\n<p style=\"text-align: justify;\">La instituci\u00f3n continuar\u00e1 con las acciones de fiscalizaci\u00f3n y control en todo el pa\u00eds, a fin de garantizar un servicio regulado y de calidad para los ciudadanos.<\/p>\n<p>&nbsp;<\/p>\n<p style=\"text-align: justify;\">Fuente:Direcci\u00f3n de Relaciones P\u00fablicas y Comunicaciones del INDOTEL<\/p>\n","protected":false},"excerpt":{"rendered":"<p>La instituci\u00f3n refuerza su lucha contra la operaci\u00f3n ilegal en el espectro radioel\u00e9ctrico y la<\/p>\n","protected":false},"author":4,"featured_media":42270,"comment_status":"open","ping_status":"open","sticky":false,"template":"","format":"standard","meta":{"footnotes":""},"categories":[7],"tags":[],"class_list":["post-42269","post","type-post","status-publish","format-standard","has-post-thumbnail","hentry","category-nacionales"],"_links":{"self":[{"href":"https:\/\/defrentealaverdad.com\/index.php\/wp-json\/wp\/v2\/posts\/42269","targetHints":{"allow":["GET"]}}],"collection":[{"href":"https:\/\/defrentealaverdad.com\/index.php\/wp-json\/wp\/v2\/posts"}],"about":[{"href":"https:\/\/defrentealaverdad.com\/index.php\/wp-json\/wp\/v2\/types\/post"}],"author":[{"embeddable":true,"href":"https:\/\/defrentealaverdad.com\/index.php\/wp-json\/wp\/v2\/users\/4"}],"replies":[{"embeddable":true,"href":"https:\/\/defrentealaverdad.com\/index.php\/wp-json\/wp\/v2\/comments?post=42269"}],"version-history":[{"count":1,"href":"https:\/\/defrentealaverdad.com\/index.php\/wp-json\/wp\/v2\/posts\/42269\/revisions"}],"predecessor-version":[{"id":42271,"href":"https:\/\/defrentealaverdad.com\/index.php\/wp-json\/wp\/v2\/posts\/42269\/revisions\/42271"}],"wp:featuredmedia":[{"embeddable":true,"href":"https:\/\/defrentealaverdad.com\/index.php\/wp-json\/wp\/v2\/media\/42270"}],"wp:attachment":[{"href":"https:\/\/defrentealaverdad.com\/index.php\/wp-json\/wp\/v2\/media?parent=42269"}],"wp:term":[{"taxonomy":"category","embeddable":true,"href":"https:\/\/defrentealaverdad.com\/index.php\/wp-json\/wp\/v2\/categories?post=42269"},{"taxonomy":"post_tag","embeddable":true,"href":"https:\/\/defrentealaverdad.com\/index.php\/wp-json\/wp\/v2\/tags?post=42269"}],"curies":[{"name":"wp","href":"https:\/\/api.w.org\/{rel}","templated":true}]}}