{"id":42259,"date":"2025-03-22T18:05:55","date_gmt":"2025-03-22T18:05:55","guid":{"rendered":"https:\/\/defrentealaverdad.com\/?p=42259"},"modified":"2025-03-23T18:07:22","modified_gmt":"2025-03-23T18:07:22","slug":"amaya-alvarez-primera-mujer-neuro-traumatologa-del-pais","status":"publish","type":"post","link":"https:\/\/defrentealaverdad.com\/index.php\/2025\/03\/22\/amaya-alvarez-primera-mujer-neuro-traumatologa-del-pais\/","title":{"rendered":"Amaya \u00c1lvarez: primera mujer neuro traumat\u00f3loga del pa\u00eds"},"content":{"rendered":"<p style=\"text-align: justify;\"><strong>Santo Domingo &#8211; <\/strong>\u00a0En un evento hist\u00f3rico para la medicina en la Rep\u00fablica Dominicana, la doctora Amaya \u00c1lvarez Aquino se certific\u00f3 como la primera mujer neuro traumat\u00f3loga del pa\u00eds y del Caribe.<\/p>\n<p style=\"text-align: justify;\">Egresada de la Pontificia Universidad Cat\u00f3lica Madre y Maestra (PUCMM) en Santiago, y con una especializaci\u00f3n en neurocirug\u00eda del Centro Internacional de Rehabilitaci\u00f3n Neurol\u00f3gica (CIREN) en La Habana, Cuba, recibi\u00f3 su titulo que la certifica como Neuro Cirujana Traumat\u00f3loga en una ceremonia de graduaci\u00f3n que se llev\u00f3 a cabo en Medell\u00edn, Colombia.<\/p>\n<p style=\"text-align: justify;\">\u00c1lvarez realizo su especialidad mediante el programa de beca Internacional de Neurotrauma y Neurocirug\u00eda Global avalada por la Fundaci\u00f3n MEDITECH (Cali), el Instituto Rockefeller de Neuro Ciencia (Morgantown, Virginia) y el Grupo de Investigaci\u00f3n de Salud Global del NIHR sobre Lesiones Cerebrales y de la Columna Vertebral de la Universidad de Cambrigde.<\/p>\n<p style=\"text-align: justify;\">Cabe se\u00f1alar, que actualmente, la Rep\u00fablica Dominicana cuenta con un solo neuro traumat\u00f3logo, el doctor Franly V\u00e1squez, lo que resalta la importancia y la necesidad de la formaci\u00f3n de nuevos especialistas en esta \u00e1rea crucial de la medicina.<\/p>\n<p style=\"text-align: justify;\">La joven doctora se posiciona como un modelo a seguir y un s\u00edmbolo de progreso en la medicina dominicana. Su logro es motivo de celebraci\u00f3n para el pa\u00eds y una invitaci\u00f3n a seguir rompiendo barreras en el \u00e1mbito de la salud.<\/p>\n<p>Fuente: Equipo Dra. Alv\u00e1rez<\/p>\n","protected":false},"excerpt":{"rendered":"<p>Santo Domingo &#8211; \u00a0En un evento hist\u00f3rico para la medicina en la Rep\u00fablica Dominicana, la<\/p>\n","protected":false},"author":1,"featured_media":42260,"comment_status":"open","ping_status":"open","sticky":false,"template":"","format":"standard","meta":{"footnotes":""},"categories":[7],"tags":[],"class_list":["post-42259","post","type-post","status-publish","format-standard","has-post-thumbnail","hentry","category-nacionales"],"_links":{"self":[{"href":"https:\/\/defrentealaverdad.com\/index.php\/wp-json\/wp\/v2\/posts\/42259","targetHints":{"allow":["GET"]}}],"collection":[{"href":"https:\/\/defrentealaverdad.com\/index.php\/wp-json\/wp\/v2\/posts"}],"about":[{"href":"https:\/\/defrentealaverdad.com\/index.php\/wp-json\/wp\/v2\/types\/post"}],"author":[{"embeddable":true,"href":"https:\/\/defrentealaverdad.com\/index.php\/wp-json\/wp\/v2\/users\/1"}],"replies":[{"embeddable":true,"href":"https:\/\/defrentealaverdad.com\/index.php\/wp-json\/wp\/v2\/comments?post=42259"}],"version-history":[{"count":1,"href":"https:\/\/defrentealaverdad.com\/index.php\/wp-json\/wp\/v2\/posts\/42259\/revisions"}],"predecessor-version":[{"id":42261,"href":"https:\/\/defrentealaverdad.com\/index.php\/wp-json\/wp\/v2\/posts\/42259\/revisions\/42261"}],"wp:featuredmedia":[{"embeddable":true,"href":"https:\/\/defrentealaverdad.com\/index.php\/wp-json\/wp\/v2\/media\/42260"}],"wp:attachment":[{"href":"https:\/\/defrentealaverdad.com\/index.php\/wp-json\/wp\/v2\/media?parent=42259"}],"wp:term":[{"taxonomy":"category","embeddable":true,"href":"https:\/\/defrentealaverdad.com\/index.php\/wp-json\/wp\/v2\/categories?post=42259"},{"taxonomy":"post_tag","embeddable":true,"href":"https:\/\/defrentealaverdad.com\/index.php\/wp-json\/wp\/v2\/tags?post=42259"}],"curies":[{"name":"wp","href":"https:\/\/api.w.org\/{rel}","templated":true}]}}