{"id":42256,"date":"2025-03-22T18:03:27","date_gmt":"2025-03-22T18:03:27","guid":{"rendered":"https:\/\/defrentealaverdad.com\/?p=42256"},"modified":"2025-03-23T18:05:18","modified_gmt":"2025-03-23T18:05:18","slug":"conadis-inicia-jornadas-de-inclusion-para-personas-con-discapacidad-a-nivel-nacional","status":"publish","type":"post","link":"https:\/\/defrentealaverdad.com\/index.php\/2025\/03\/22\/conadis-inicia-jornadas-de-inclusion-para-personas-con-discapacidad-a-nivel-nacional\/","title":{"rendered":"CONADIS inicia jornadas de inclusi\u00f3n para personas con discapacidad a nivel nacional"},"content":{"rendered":"<blockquote>\n<p style=\"text-align: justify;\">Esta primera jornada benefici\u00f3 a m\u00e1s de 500 personas provenientes de Peravia, Az\u00faa y San Jos\u00e9 de Ocoa<\/p>\n<\/blockquote>\n<p style=\"text-align: justify;\">Ban\u00ed.- El Consejo Nacional de Discapacidad (CONADIS) despleg\u00f3 una nueva modalidad para llevar sus servicios a todo el pa\u00eds mediante las jornadas de inclusi\u00f3n social denominadas \u201cCONADIS para todos\u201d siendo el municipio de Ban\u00ed, provincia Peravia, la primera de estas, d\u00f3nde beneficiaron m\u00e1s de 500 personas provenientes de las provincias Azua, Peravia y San Jos\u00e9 de Ocoa.<\/p>\n<p style=\"text-align: justify;\">Esta actividad realizada en el Centro De Atenci\u00f3n Oncol\u00f3gica del Sur, fue encabezada por el presidente del Consejo Nacional de Discapacidad, Benny Metz, y el director ejecutivo, Alexis Alc\u00e1ntara, ambos dieron a conocer la informaci\u00f3n de que periodicamente los equipos t\u00e9cnicos y de asistencia del CONADIS se desplazar\u00e1n a cada rinc\u00f3n del pa\u00eds para llevar soluciones y garantizar derechos a las personas con discapacidad y sus familias.<\/p>\n<p style=\"text-align: justify;\">En esta jornada realizada como primer punto en Ban\u00ed, fueron ofrecidos los servicios de medicina general, pediatr\u00eda, cardiolog\u00eda, toma de muestras de laboratorio, oftalmolog\u00eda, servicios odontol\u00f3gicos.<\/p>\n<p style=\"text-align: justify;\">Adem\u00e1s, fueron entregados dispositivos de apoyo, medicamentos de todo tipo y y se realiz\u00f3 la valoraci\u00f3n de registro de discapacidad a las personas que lo requer\u00edan.<\/p>\n<p style=\"text-align: justify;\">Metz expres\u00f3:<\/p>\n<blockquote>\n<p style=\"text-align: justify;\">\u00abLa realizaci\u00f3n de estas jornadas de inclusi\u00f3n que llevaremos a cada provincia de nuestro pa\u00eds busca mejorar la vida de las personas con alg\u00fan tipo de discapacidad, y es una prueba de que desde el CONADIS, con el apoyo de todo el gobierno del presidente Luis Abinader, quien promueve una pol\u00edtica inclusiva sin dejar a nadie atr\u00e1s\u00bb<\/p>\n<\/blockquote>\n<p style=\"text-align: justify;\">En la jornada de inclusi\u00f3n social del CONADIS estuvieron presentes el senador Julito Fulcar, el diputado Willy S\u00e1nchez, el presidente de la Camara de Comercio de la provincia Peravia, Juan Carlos Guzm\u00e1n, entre otros representantes de la provincia.<\/p>\n<p style=\"text-align: justify;\">El desarrollo de esta actividad cont\u00f3 con el apoyo del SNS, la fundaci\u00f3n Cruz Jiminian, a trav\u00e9s del m\u00e9dico Luis Cruz, Los Comedores Econ\u00f3micos, Juventud Empoderada, la Fundaci\u00f3n Lajara, entre otros participantes.<\/p>\n<p>Fuente: Depto. Com.\u00a0 CONADIS<\/p>\n","protected":false},"excerpt":{"rendered":"<p>Esta primera jornada benefici\u00f3 a m\u00e1s de 500 personas provenientes de Peravia, Az\u00faa y San<\/p>\n","protected":false},"author":4,"featured_media":42257,"comment_status":"open","ping_status":"open","sticky":false,"template":"","format":"standard","meta":{"footnotes":""},"categories":[7],"tags":[],"class_list":["post-42256","post","type-post","status-publish","format-standard","has-post-thumbnail","hentry","category-nacionales"],"_links":{"self":[{"href":"https:\/\/defrentealaverdad.com\/index.php\/wp-json\/wp\/v2\/posts\/42256","targetHints":{"allow":["GET"]}}],"collection":[{"href":"https:\/\/defrentealaverdad.com\/index.php\/wp-json\/wp\/v2\/posts"}],"about":[{"href":"https:\/\/defrentealaverdad.com\/index.php\/wp-json\/wp\/v2\/types\/post"}],"author":[{"embeddable":true,"href":"https:\/\/defrentealaverdad.com\/index.php\/wp-json\/wp\/v2\/users\/4"}],"replies":[{"embeddable":true,"href":"https:\/\/defrentealaverdad.com\/index.php\/wp-json\/wp\/v2\/comments?post=42256"}],"version-history":[{"count":1,"href":"https:\/\/defrentealaverdad.com\/index.php\/wp-json\/wp\/v2\/posts\/42256\/revisions"}],"predecessor-version":[{"id":42258,"href":"https:\/\/defrentealaverdad.com\/index.php\/wp-json\/wp\/v2\/posts\/42256\/revisions\/42258"}],"wp:featuredmedia":[{"embeddable":true,"href":"https:\/\/defrentealaverdad.com\/index.php\/wp-json\/wp\/v2\/media\/42257"}],"wp:attachment":[{"href":"https:\/\/defrentealaverdad.com\/index.php\/wp-json\/wp\/v2\/media?parent=42256"}],"wp:term":[{"taxonomy":"category","embeddable":true,"href":"https:\/\/defrentealaverdad.com\/index.php\/wp-json\/wp\/v2\/categories?post=42256"},{"taxonomy":"post_tag","embeddable":true,"href":"https:\/\/defrentealaverdad.com\/index.php\/wp-json\/wp\/v2\/tags?post=42256"}],"curies":[{"name":"wp","href":"https:\/\/api.w.org\/{rel}","templated":true}]}}