{"id":42244,"date":"2025-03-23T17:51:40","date_gmt":"2025-03-23T17:51:40","guid":{"rendered":"https:\/\/defrentealaverdad.com\/?p=42244"},"modified":"2025-03-23T17:51:40","modified_gmt":"2025-03-23T17:51:40","slug":"inauguran-centro-de-atencion-primaria-en-la-comunidad-de-rancho-arriba-san-jose-de-ocoa","status":"publish","type":"post","link":"https:\/\/defrentealaverdad.com\/index.php\/2025\/03\/23\/inauguran-centro-de-atencion-primaria-en-la-comunidad-de-rancho-arriba-san-jose-de-ocoa\/","title":{"rendered":"Inauguran Centro de Atenci\u00f3n Primaria en la comunidad de Rancho Arriba, San Jos\u00e9 de Ocoa"},"content":{"rendered":"<blockquote>\n<p style=\"text-align: justify;\">El esperado centro es un paso fundamental para la mejora del acceso a los servicios de salud en la comunidad y zonas aleda\u00f1as; una respuesta integral para garantizar que la atenci\u00f3n est\u00e9 al alcance de todos, independientemente de su situaci\u00f3n econ\u00f3mica.<\/p>\n<\/blockquote>\n<p style=\"text-align: justify;\"><strong>Rancho Arriba, San Jos\u00e9 de Ocoa.<\/strong> Con el firme compromiso de ofrecer atenci\u00f3n m\u00e9dica de calidad y a precios accesibles, fue inaugurado el Centro de Atenci\u00f3n Primaria, en la comunidad de Rancho Arriba, San Jos\u00e9 de Ocoa.<\/p>\n<blockquote>\n<p style=\"text-align: justify;\">\u201cEl prop\u00f3sito fundamental de esta apertura es evitar que los habitantes de Rancho Arriba, tengan que trasladarse a otras comunidades en busca de atenci\u00f3n m\u00e9dica especializada. Con este centro, las personas tendr\u00e1n acceso a una variedad de servicios m\u00e9dicos, adem\u00e1s de que se busca reducir las brechas en la atenci\u00f3n de salud y proporcionar una respuesta inmediata, eficiente y humanizada a las necesidades de la poblaci\u00f3n\u201d, afirm\u00f3 el Dr. Wilkin Dailes Cabrera Senci\u00f3n, quien dirigir\u00e1 dicho centro, junto a la Dra. Adaliza Santana.<\/p>\n<\/blockquote>\n<p style=\"text-align: justify;\">En ese mismo tenor, Dailes Cabrera explic\u00f3 que en dicho espacio de salud, se brindar\u00e1 un servicio m\u00e9dico integral que incluir\u00e1 especialidades como pediatr\u00eda, gineco-obstetricia, geriatr\u00eda, nutrici\u00f3n, ortopedia, medicina familiar, urolog\u00eda y cardiolog\u00eda, entre otros; adem\u00e1s de ofrecer estudios m\u00e9dicos como sonograf\u00edas MAPA y Holter, garantizando que la atenci\u00f3n est\u00e9 al alcance de todos, independientemente de su situaci\u00f3n econ\u00f3mica.<\/p>\n<blockquote>\n<p style=\"text-align: justify;\">\u201cEstamos seguros de que nuestro Centro de Atenci\u00f3n Primaria, se convertir\u00e1 en un punto de referencia para el bienestar de la comunidad, con un enfoque en la prevenci\u00f3n, diagn\u00f3stico y tratamiento adecuado de diversas condiciones de salud. Adem\u00e1s, se priorizar\u00e1 el trato cercano y respetuoso con los pacientes, lo cual contribuir\u00e1 a mejorar su experiencia y garantizar su satisfacci\u00f3n\u201d, asegur\u00f3 el experto en salud.<\/p>\n<\/blockquote>\n<p style=\"text-align: justify;\">Para finalizar, el galeno insisti\u00f3 que en el Centro de Atenci\u00f3n Primaria, todo su personal tiene <em>\u00abun compromiso con la calidad y la humanizaci\u00f3n de los servicios\u00bb.\u00a0<\/em><\/p>\n<p style=\"text-align: justify;\">Para m\u00e1s informaci\u00f3n sobre los servicios disponibles y los horarios de atenci\u00f3n, los interesados pueden comunicarse al n\u00famero 829-248-5427 o visitar las instalaciones, localizada en la Plaza Mej\u00eda, Sector San Luis, Rancho Arriba, San Jos\u00e9 de Ocoa.<\/p>\n<p><strong>Trayectoria<\/strong><\/p>\n<p style=\"text-align: justify;\">El Dr. Wilkin Dailes Cabrera Sencion, es un reconocido pediatra y nutricionista, quien cuenta con una vasta experiencia en el \u00e1mbito de la salud y la gesti\u00f3n hospitalaria, siendo un referente en el sector, lo cual garantizar\u00e1 que dicho centro cuente con la m\u00e1s alta calidad en la atenci\u00f3n m\u00e9dica<\/p>\n<p style=\"text-align: justify;\">Adem\u00e1s, se desempe\u00f1a como director M\u00e9dico del Centro Metropolitano de Especialidades en Santo Domingo y es miembro del staff del Grupo M\u00e9dico Mac Center y del Hospital General de la Plaza de la Salud.<\/p>\n<p style=\"text-align: justify;\">En tanto, la Dra. Adaliza Santana es una destacada profesional en la gesti\u00f3n administrativa y direcci\u00f3n de centros de salud.<\/p>\n<p>Fuente: Centro de Atenci\u00f3n Primaria &#8211; Rancho Arriba<\/p>\n","protected":false},"excerpt":{"rendered":"<p>El esperado centro es un paso fundamental para la mejora del acceso a los servicios<\/p>\n","protected":false},"author":4,"featured_media":42245,"comment_status":"open","ping_status":"open","sticky":false,"template":"","format":"standard","meta":{"footnotes":""},"categories":[221],"tags":[],"class_list":["post-42244","post","type-post","status-publish","format-standard","has-post-thumbnail","hentry","category-salud"],"_links":{"self":[{"href":"https:\/\/defrentealaverdad.com\/index.php\/wp-json\/wp\/v2\/posts\/42244","targetHints":{"allow":["GET"]}}],"collection":[{"href":"https:\/\/defrentealaverdad.com\/index.php\/wp-json\/wp\/v2\/posts"}],"about":[{"href":"https:\/\/defrentealaverdad.com\/index.php\/wp-json\/wp\/v2\/types\/post"}],"author":[{"embeddable":true,"href":"https:\/\/defrentealaverdad.com\/index.php\/wp-json\/wp\/v2\/users\/4"}],"replies":[{"embeddable":true,"href":"https:\/\/defrentealaverdad.com\/index.php\/wp-json\/wp\/v2\/comments?post=42244"}],"version-history":[{"count":1,"href":"https:\/\/defrentealaverdad.com\/index.php\/wp-json\/wp\/v2\/posts\/42244\/revisions"}],"predecessor-version":[{"id":42246,"href":"https:\/\/defrentealaverdad.com\/index.php\/wp-json\/wp\/v2\/posts\/42244\/revisions\/42246"}],"wp:featuredmedia":[{"embeddable":true,"href":"https:\/\/defrentealaverdad.com\/index.php\/wp-json\/wp\/v2\/media\/42245"}],"wp:attachment":[{"href":"https:\/\/defrentealaverdad.com\/index.php\/wp-json\/wp\/v2\/media?parent=42244"}],"wp:term":[{"taxonomy":"category","embeddable":true,"href":"https:\/\/defrentealaverdad.com\/index.php\/wp-json\/wp\/v2\/categories?post=42244"},{"taxonomy":"post_tag","embeddable":true,"href":"https:\/\/defrentealaverdad.com\/index.php\/wp-json\/wp\/v2\/tags?post=42244"}],"curies":[{"name":"wp","href":"https:\/\/api.w.org\/{rel}","templated":true}]}}