{"id":42238,"date":"2025-03-23T17:18:23","date_gmt":"2025-03-23T17:18:23","guid":{"rendered":"https:\/\/defrentealaverdad.com\/?p=42238"},"modified":"2025-03-23T17:18:23","modified_gmt":"2025-03-23T17:18:23","slug":"retiro-cuaresmal-de-hermandad-del-corazon-de-jesus-de-la-arquidiocesis-de-santo-domingo","status":"publish","type":"post","link":"https:\/\/defrentealaverdad.com\/index.php\/2025\/03\/23\/retiro-cuaresmal-de-hermandad-del-corazon-de-jesus-de-la-arquidiocesis-de-santo-domingo\/","title":{"rendered":"Retiro Cuaresmal de Hermandad del Coraz\u00f3n de Jes\u00fas de la Arquidi\u00f3cesis de Santo Domingo"},"content":{"rendered":"<p style=\"text-align: justify;\">Este pasado s\u00e1bado 22 de marzo tuvimos la gracia de vivir nuestro retiro cuaresmal unos 400 miembros del Apostolado y la Hermandad del Coraz\u00f3n de Jes\u00fas de la Arquidi\u00f3cesis de Santo Domingo en el Seminario Pontificio Santo Tom\u00e1s de Aquino.<\/p>\n<p style=\"text-align: justify;\">El mismo tuvo dirigido por la Hna. \u00c1ngela Cabrera, nos dirigi\u00f3 una hermos\u00edsima reflexi\u00f3n basado en la \u00faltima enc\u00edclica del Papa Francisco sobre el Sagrado Coraz\u00f3n de Jes\u00fas. En las confesiones estuvieron: el P. Eduardo Llorens, el P. Ren\u00e9, el P. D\u00f3mini, y la Eucarist\u00eda la presidi\u00f3 S E Roma. Mons. Jos\u00e9 Amable Dur\u00e1n, Obispo Auxiliar de Santo Domingo y Presidente del Equipo de Animaci\u00f3n y Culto y Espiritualidad al Sagrado Coraz\u00f3n.<\/p>\n<p style=\"text-align: justify;\">M\u00e1s detalles en DiarioCatolico.org: <a href=\"https:\/\/diariocatolico.org\/2025\/03\/23\/retiro-cuaresmal-de-hermandad-del-corazon-de-jesus-de-la-arquidiocesis-de-santo-domingo\">https:\/\/diariocatolico.org\/2025\/03\/23\/retiro-cuaresmal-de-hermandad-del-corazon-de-jesus-de-la-arquidiocesis-de-santo-domingo<\/a>\/<\/p>\n<p style=\"text-align: justify;\">Fuente: Hermandad del Coraz\u00f3n de Jes\u00fas de la Arquidi\u00f3cesis de Santo Domingo<\/p>\n","protected":false},"excerpt":{"rendered":"<p>Este pasado s\u00e1bado 22 de marzo tuvimos la gracia de vivir nuestro retiro cuaresmal unos<\/p>\n","protected":false},"author":1,"featured_media":42239,"comment_status":"open","ping_status":"open","sticky":false,"template":"","format":"standard","meta":{"footnotes":""},"categories":[7],"tags":[],"class_list":["post-42238","post","type-post","status-publish","format-standard","has-post-thumbnail","hentry","category-nacionales"],"_links":{"self":[{"href":"https:\/\/defrentealaverdad.com\/index.php\/wp-json\/wp\/v2\/posts\/42238","targetHints":{"allow":["GET"]}}],"collection":[{"href":"https:\/\/defrentealaverdad.com\/index.php\/wp-json\/wp\/v2\/posts"}],"about":[{"href":"https:\/\/defrentealaverdad.com\/index.php\/wp-json\/wp\/v2\/types\/post"}],"author":[{"embeddable":true,"href":"https:\/\/defrentealaverdad.com\/index.php\/wp-json\/wp\/v2\/users\/1"}],"replies":[{"embeddable":true,"href":"https:\/\/defrentealaverdad.com\/index.php\/wp-json\/wp\/v2\/comments?post=42238"}],"version-history":[{"count":1,"href":"https:\/\/defrentealaverdad.com\/index.php\/wp-json\/wp\/v2\/posts\/42238\/revisions"}],"predecessor-version":[{"id":42240,"href":"https:\/\/defrentealaverdad.com\/index.php\/wp-json\/wp\/v2\/posts\/42238\/revisions\/42240"}],"wp:featuredmedia":[{"embeddable":true,"href":"https:\/\/defrentealaverdad.com\/index.php\/wp-json\/wp\/v2\/media\/42239"}],"wp:attachment":[{"href":"https:\/\/defrentealaverdad.com\/index.php\/wp-json\/wp\/v2\/media?parent=42238"}],"wp:term":[{"taxonomy":"category","embeddable":true,"href":"https:\/\/defrentealaverdad.com\/index.php\/wp-json\/wp\/v2\/categories?post=42238"},{"taxonomy":"post_tag","embeddable":true,"href":"https:\/\/defrentealaverdad.com\/index.php\/wp-json\/wp\/v2\/tags?post=42238"}],"curies":[{"name":"wp","href":"https:\/\/api.w.org\/{rel}","templated":true}]}}