{"id":42235,"date":"2025-03-22T18:36:34","date_gmt":"2025-03-22T18:36:34","guid":{"rendered":"https:\/\/defrentealaverdad.com\/?p=42235"},"modified":"2025-03-23T01:38:00","modified_gmt":"2025-03-23T01:38:00","slug":"cruzmonty-recibe-su-primera-nominacion-a-los-premios-soberano-2025","status":"publish","type":"post","link":"https:\/\/defrentealaverdad.com\/index.php\/2025\/03\/22\/cruzmonty-recibe-su-primera-nominacion-a-los-premios-soberano-2025\/","title":{"rendered":"Cruzmonty recibe su primera nominaci\u00f3n a los Premios Soberano 2025"},"content":{"rendered":"<p style=\"text-align: justify;\">Santo Domingo, RD. \u2013 El cantautor y compositor dominicano Cruzmonty ha sido nominado por primera vez a los Premios Soberano 2025 en la categor\u00eda de Compositor y\/o Autor de Letras, el m\u00e1ximo reconocimiento del arte y la m\u00fasica en la Rep\u00fablica Dominicana.<\/p>\n<p style=\"text-align: justify;\">Cruzmonty ha sido seleccionado gracias a su destacada participaci\u00f3n en la m\u00fasica, con temas que han resonado en el p\u00fablico y la industria. Entre las canciones por las que recibi\u00f3 esta nominaci\u00f3n se encuentran Tequila, un \u00e9xito que resalta su estilo \u00fanico; Traidor, una colaboraci\u00f3n con Wason Brazob\u00e1n; Pegaito, interpretada por Frankos, donde su aporte brilla con fuerza; y Amor desechable, de la ic\u00f3nica Milly Quezada, en la que su trabajo tambi\u00e9n ha sido clave. Estos temas han consolidado su trayectoria y lo han llevado a recibir este merecido reconocimiento.<\/p>\n<p style=\"text-align: justify;\">Con una carrera en ascenso, Cruzmonty se ha destacado por su estilo \u00fanico y su capacidad para conectar con el p\u00fablico a trav\u00e9s de sus composiciones. Esta nominaci\u00f3n representa un importante logro en su trayectoria y un reconocimiento a su talento dentro de la industria musical del pa\u00eds.<\/p>\n<p style=\"text-align: justify;\">Los Premios Soberano, organizados por la Asociaci\u00f3n de Cronistas de Arte (Acroarte), celebran lo mejor del talento dominicano en diversas categor\u00edas. La gala de premiaci\u00f3n se llevar\u00e1 a cabo pr\u00f3ximamente, donde Cruzmonty competir\u00e1 junto a otros destacados artistas del \u00e1mbito nacional.<\/p>\n<p style=\"text-align: justify;\">Para m\u00e1s informaci\u00f3n, sigue a Cruzmonty en sus redes sociales y mantente atento a las novedades de los Premios Soberano 2025.<\/p>\n<p>Fuente: Informa Lo Real<\/p>\n","protected":false},"excerpt":{"rendered":"<p>Santo Domingo, RD. \u2013 El cantautor y compositor dominicano Cruzmonty ha sido nominado por primera<\/p>\n","protected":false},"author":4,"featured_media":42237,"comment_status":"open","ping_status":"open","sticky":false,"template":"","format":"standard","meta":{"footnotes":""},"categories":[249],"tags":[],"class_list":["post-42235","post","type-post","status-publish","format-standard","has-post-thumbnail","hentry","category-farandula"],"_links":{"self":[{"href":"https:\/\/defrentealaverdad.com\/index.php\/wp-json\/wp\/v2\/posts\/42235","targetHints":{"allow":["GET"]}}],"collection":[{"href":"https:\/\/defrentealaverdad.com\/index.php\/wp-json\/wp\/v2\/posts"}],"about":[{"href":"https:\/\/defrentealaverdad.com\/index.php\/wp-json\/wp\/v2\/types\/post"}],"author":[{"embeddable":true,"href":"https:\/\/defrentealaverdad.com\/index.php\/wp-json\/wp\/v2\/users\/4"}],"replies":[{"embeddable":true,"href":"https:\/\/defrentealaverdad.com\/index.php\/wp-json\/wp\/v2\/comments?post=42235"}],"version-history":[{"count":1,"href":"https:\/\/defrentealaverdad.com\/index.php\/wp-json\/wp\/v2\/posts\/42235\/revisions"}],"predecessor-version":[{"id":42236,"href":"https:\/\/defrentealaverdad.com\/index.php\/wp-json\/wp\/v2\/posts\/42235\/revisions\/42236"}],"wp:featuredmedia":[{"embeddable":true,"href":"https:\/\/defrentealaverdad.com\/index.php\/wp-json\/wp\/v2\/media\/42237"}],"wp:attachment":[{"href":"https:\/\/defrentealaverdad.com\/index.php\/wp-json\/wp\/v2\/media?parent=42235"}],"wp:term":[{"taxonomy":"category","embeddable":true,"href":"https:\/\/defrentealaverdad.com\/index.php\/wp-json\/wp\/v2\/categories?post=42235"},{"taxonomy":"post_tag","embeddable":true,"href":"https:\/\/defrentealaverdad.com\/index.php\/wp-json\/wp\/v2\/tags?post=42235"}],"curies":[{"name":"wp","href":"https:\/\/api.w.org\/{rel}","templated":true}]}}