{"id":42232,"date":"2025-03-22T23:59:37","date_gmt":"2025-03-22T23:59:37","guid":{"rendered":"https:\/\/defrentealaverdad.com\/?p=42232"},"modified":"2025-03-22T23:59:37","modified_gmt":"2025-03-22T23:59:37","slug":"consejo-empresarial-de-san-cristobal-reune-a-destacados-empresarios-en-debate-sobre-retos-del-liderazgo","status":"publish","type":"post","link":"https:\/\/defrentealaverdad.com\/index.php\/2025\/03\/22\/consejo-empresarial-de-san-cristobal-reune-a-destacados-empresarios-en-debate-sobre-retos-del-liderazgo\/","title":{"rendered":"Consejo Empresarial de San Crist\u00f3bal re\u00fane a destacados empresarios en debate sobre retos del liderazgo"},"content":{"rendered":"<p style=\"text-align: justify;\"><strong>San Crist\u00f3bal, Rep\u00fablica Dominicana<\/strong> \u2013 20 de marzo de 2025 \u2013 El Consejo Empresarial por el Desarrollo de San Crist\u00f3bal (CEPEDSC) celebr\u00f3 el 1er Almuerzo Ejecutivo 2025, un evento que reuni\u00f3 a destacados l\u00edderes empresariales y expertos del \u00e1mbito laboral con el prop\u00f3sito de reflexionar sobre los Desaf\u00edos del Liderazgo Empresarial en la Actualidad. La actividad tuvo lugar en el sal\u00f3n de eventos de la Gobernaci\u00f3n de la provincia, y cont\u00f3 con la participaci\u00f3n de importantes figuras en la gesti\u00f3n empresarial y el desarrollo econ\u00f3mico del pa\u00eds.<\/p>\n<p style=\"text-align: justify;\">El evento inici\u00f3 con las palabras de bienvenida de Vlamirdi Ruiz, presidente del CEPEDSC, quien destac\u00f3 la importancia de generar espacios de di\u00e1logo y reflexi\u00f3n sobre los desaf\u00edos que enfrentan los l\u00edderes empresariales en un contexto econ\u00f3mico y social en constante transformaci\u00f3n y resalt\u00f3 el rol de la mujer en el \u00e9xito de las empresas.<\/p>\n<p style=\"text-align: justify;\">Las dos primeras ponentes, Laura Pe\u00f1a, presidenta de la Confederaci\u00f3n Patronal de la Rep\u00fablica Dominicana (COPARDOM) y vicepresidenta de Pe\u00f1a-Izquierdo SRL, y Annerys Mel\u00e9ndez, presidenta de la Asociaci\u00f3n Dominicana de Constructores y Promotores de Viviendas (ACOPROVI), basadas en sus experiencias disertaron sobre las oportunidades que surgen en medio de los retos que representa el liderazgo.<\/p>\n<p style=\"text-align: justify;\">La actividad formativa continu\u00f3 con un panel de discusi\u00f3n titulado Desaf\u00edos del Liderazgo Empresarial en la Actualidad, en el que participaron las disertantes Ing. Annerys Mel\u00e9ndez, Lic. Laura Pe\u00f1a, Lic. Annerys Cruz y Lic. Isabel Montero. La jornada fue moderada por Niberkys De Los Santos, directora del CEPEDSC, y Jos\u00e9 Francisco Martich, vicepresidente de la entidad.<\/p>\n<p style=\"text-align: justify;\">Durante la sesi\u00f3n, los panelistas intercambiaron perspectivas sobre las nuevas tendencias en liderazgo, la gesti\u00f3n de equipos multidisciplinarios y la resiliencia en un mundo empresarial en constante evoluci\u00f3n.<\/p>\n<p style=\"text-align: justify;\">La jornada culmin\u00f3 con las palabras de clausura de Annia D\u00edaz, secretaria general del CEPEDSC, quien agradeci\u00f3 la activa participaci\u00f3n de los asistentes y reiter\u00f3 el compromiso de la instituci\u00f3n en seguir promoviendo espacios de reflexi\u00f3n que fortalezcan el liderazgo empresarial y contribuyan al desarrollo de la regi\u00f3n.<\/p>\n<p style=\"text-align: justify;\"><strong>Acerca de CEPEDSC<\/strong><\/p>\n<p style=\"text-align: justify;\">El Consejo Empresarial por el Desarrollo de San Crist\u00f3bal (CEPEDSC) es una entidad sin fines de lucro dedicada a promover el desarrollo empresarial, la competitividad y la cooperaci\u00f3n entre los empresarios de la regi\u00f3n. Con 29 a\u00f1os de trayectoria, el CEPEDSC se ha consolidado como un referente en la formaci\u00f3n y el apoyo a emprendedores y empresas en la provincia Cuna de la Constituci\u00f3n.<\/p>\n<p>Fuente: CEPEDSC<\/p>\n","protected":false},"excerpt":{"rendered":"<p>San Crist\u00f3bal, Rep\u00fablica Dominicana \u2013 20 de marzo de 2025 \u2013 El Consejo Empresarial por<\/p>\n","protected":false},"author":1,"featured_media":42233,"comment_status":"open","ping_status":"open","sticky":false,"template":"","format":"standard","meta":{"footnotes":""},"categories":[7],"tags":[],"class_list":["post-42232","post","type-post","status-publish","format-standard","has-post-thumbnail","hentry","category-nacionales"],"_links":{"self":[{"href":"https:\/\/defrentealaverdad.com\/index.php\/wp-json\/wp\/v2\/posts\/42232","targetHints":{"allow":["GET"]}}],"collection":[{"href":"https:\/\/defrentealaverdad.com\/index.php\/wp-json\/wp\/v2\/posts"}],"about":[{"href":"https:\/\/defrentealaverdad.com\/index.php\/wp-json\/wp\/v2\/types\/post"}],"author":[{"embeddable":true,"href":"https:\/\/defrentealaverdad.com\/index.php\/wp-json\/wp\/v2\/users\/1"}],"replies":[{"embeddable":true,"href":"https:\/\/defrentealaverdad.com\/index.php\/wp-json\/wp\/v2\/comments?post=42232"}],"version-history":[{"count":1,"href":"https:\/\/defrentealaverdad.com\/index.php\/wp-json\/wp\/v2\/posts\/42232\/revisions"}],"predecessor-version":[{"id":42234,"href":"https:\/\/defrentealaverdad.com\/index.php\/wp-json\/wp\/v2\/posts\/42232\/revisions\/42234"}],"wp:featuredmedia":[{"embeddable":true,"href":"https:\/\/defrentealaverdad.com\/index.php\/wp-json\/wp\/v2\/media\/42233"}],"wp:attachment":[{"href":"https:\/\/defrentealaverdad.com\/index.php\/wp-json\/wp\/v2\/media?parent=42232"}],"wp:term":[{"taxonomy":"category","embeddable":true,"href":"https:\/\/defrentealaverdad.com\/index.php\/wp-json\/wp\/v2\/categories?post=42232"},{"taxonomy":"post_tag","embeddable":true,"href":"https:\/\/defrentealaverdad.com\/index.php\/wp-json\/wp\/v2\/tags?post=42232"}],"curies":[{"name":"wp","href":"https:\/\/api.w.org\/{rel}","templated":true}]}}