{"id":42229,"date":"2025-03-22T19:07:09","date_gmt":"2025-03-22T19:07:09","guid":{"rendered":"https:\/\/defrentealaverdad.com\/?p=42229"},"modified":"2025-03-22T19:07:09","modified_gmt":"2025-03-22T19:07:09","slug":"cundo-camarena-resalta-trayectoria-profesional-de-ada-guzman","status":"publish","type":"post","link":"https:\/\/defrentealaverdad.com\/index.php\/2025\/03\/22\/cundo-camarena-resalta-trayectoria-profesional-de-ada-guzman\/","title":{"rendered":"Cundo Camarena resalta trayectoria profesional de Ada Guzm\u00e1n.\u00a0"},"content":{"rendered":"<blockquote>\n<p style=\"text-align: justify;\">Trabajadoras de medios de comunicaci\u00f3n reciben reconocimiento del SNTP en el D\u00eda Internacional de la Mujer<\/p>\n<\/blockquote>\n<p style=\"text-align: justify;\">SANTO DOMINGO.- En el marco de la conmemoraci\u00f3n del D\u00eda Internacional de la Mujer, el Sindicato Nacional de Trabajadores de la Prensa (SNTP), junto a su filial del Distrito Nacional y a trav\u00e9s de la Secretar\u00eda de Equidad de G\u00e9nero, otorg\u00f3 una Distinci\u00f3n Especial a diez destacadas profesionales del periodismo dominicano, reconociendo su trayectoria y compromiso con la libertad de expresi\u00f3n.<\/p>\n<p style=\"text-align: justify;\">El acto, celebrado en el sal\u00f3n Orlando Mart\u00ednez del Colegio Dominicano de Periodistas (CDP), rindi\u00f3 homenaje a Ada Guzm\u00e1n, junto a Julia Flores Polanco, Domi Mosquea, Alina Mieses, Francia Valdez, Virnalisy Yanet Garc\u00eda Guerrero, Adolfina Mej\u00eda, Nadia Brisel Mej\u00eda, Yamaira de la Cruz Brea y Martina Espinal Pereyra.<\/p>\n<p style=\"text-align: justify;\"><strong>Reconocimiento a la lucha y compromiso de las periodistas<\/strong><\/p>\n<p style=\"text-align: justify;\">El secretario general del SNTP, Jos\u00e9 Beato, destac\u00f3 el papel hist\u00f3rico de las mujeres en la defensa de los derechos laborales y su contribuci\u00f3n al fortalecimiento de la democracia. Asimismo, se\u00f1al\u00f3 que persisten desigualdades en el sector de la prensa, como la brecha salarial y las limitaciones para acceder a cargos ejecutivos.<\/p>\n<blockquote>\n<p style=\"text-align: justify;\">\u201cHoy, en nombre del SNTP, reconocemos a estas 10 comunicadoras, quienes, a pesar de ser portadoras de mensajes que fortalecen la libertad de expresi\u00f3n y la democracia, muchas veces ven sus esfuerzos invisibilizados. Por ello, destacamos su invaluable labor\u201d, expres\u00f3 Beato.<\/p>\n<\/blockquote>\n<p style=\"text-align: justify;\">Adem\u00e1s Cundo Camarena, Secretario General del Distrito Nacional del Sindicato Nacional de Trabajadores de la Prensa (SNTP), afirm\u00f3<\/p>\n<blockquote>\n<p style=\"text-align: justify;\">\u00abLa trayectoria profesional de Ada Guzm\u00e1n esta vinculada a la eficiencia, solidaridad y resultados \u00ab<\/p>\n<\/blockquote>\n<p style=\"text-align: justify;\">De su parte, Mario Antonio Lara Valdez Secretario de Organizaci\u00f3n del Distrito Nacional del Sindicato Nacional de Trabajadores de la Prensa SNTP expres\u00f3:<\/p>\n<blockquote>\n<p style=\"text-align: justify;\">\u00abProponer a la periodista Ada Guzm\u00e1n es reconocer la empatia, entrega y excelencia en las relaciones p\u00fablicas \u00ab<\/p>\n<\/blockquote>\n<p style=\"text-align: justify;\">Por su parte, la secretaria de Equidad de G\u00e9nero, Ana Inoa, enfatiz\u00f3 que ser mujer en la prensa es un reto que implica responsabilidad, pasi\u00f3n y compromiso con la verdad.<\/p>\n<blockquote>\n<p style=\"text-align: justify;\">\u201cUstedes son luz en esta profesi\u00f3n. Que este reconocimiento sirva como un recordatorio de que su trabajo importa, de que sus voces son necesarias y de que su valent\u00eda es el motor de un periodismo m\u00e1s justo, equitativo y humano\u201d, expres\u00f3 Inoa.<\/p>\n<\/blockquote>\n<p style=\"text-align: justify;\">En nombre de las homenajeadas, la periodista Martina Espinal agradeci\u00f3 la distinci\u00f3n y reafirm\u00f3 el compromiso de las mujeres trabajadoras de la prensa con la \u00e9tica, la verdad y el desarrollo del periodismo en la Rep\u00fablica Dominicana.<\/p>\n<p style=\"text-align: justify;\">La periodista Ada Guzm\u00e1n agradeci\u00f3 a los directivos del Sindicato Nacional de Trabajadores de la Prensa SNTP y Distrito Nacional por esta distinci\u00f3n que guardar\u00e1 en su coraz\u00f3n y memoria como un momento especial.<\/p>\n<p>Fuente: Mario Lara<\/p>\n","protected":false},"excerpt":{"rendered":"<p>Trabajadoras de medios de comunicaci\u00f3n reciben reconocimiento del SNTP en el D\u00eda Internacional de la<\/p>\n","protected":false},"author":1,"featured_media":42230,"comment_status":"open","ping_status":"open","sticky":false,"template":"","format":"standard","meta":{"footnotes":""},"categories":[7],"tags":[],"class_list":["post-42229","post","type-post","status-publish","format-standard","has-post-thumbnail","hentry","category-nacionales"],"_links":{"self":[{"href":"https:\/\/defrentealaverdad.com\/index.php\/wp-json\/wp\/v2\/posts\/42229","targetHints":{"allow":["GET"]}}],"collection":[{"href":"https:\/\/defrentealaverdad.com\/index.php\/wp-json\/wp\/v2\/posts"}],"about":[{"href":"https:\/\/defrentealaverdad.com\/index.php\/wp-json\/wp\/v2\/types\/post"}],"author":[{"embeddable":true,"href":"https:\/\/defrentealaverdad.com\/index.php\/wp-json\/wp\/v2\/users\/1"}],"replies":[{"embeddable":true,"href":"https:\/\/defrentealaverdad.com\/index.php\/wp-json\/wp\/v2\/comments?post=42229"}],"version-history":[{"count":1,"href":"https:\/\/defrentealaverdad.com\/index.php\/wp-json\/wp\/v2\/posts\/42229\/revisions"}],"predecessor-version":[{"id":42231,"href":"https:\/\/defrentealaverdad.com\/index.php\/wp-json\/wp\/v2\/posts\/42229\/revisions\/42231"}],"wp:featuredmedia":[{"embeddable":true,"href":"https:\/\/defrentealaverdad.com\/index.php\/wp-json\/wp\/v2\/media\/42230"}],"wp:attachment":[{"href":"https:\/\/defrentealaverdad.com\/index.php\/wp-json\/wp\/v2\/media?parent=42229"}],"wp:term":[{"taxonomy":"category","embeddable":true,"href":"https:\/\/defrentealaverdad.com\/index.php\/wp-json\/wp\/v2\/categories?post=42229"},{"taxonomy":"post_tag","embeddable":true,"href":"https:\/\/defrentealaverdad.com\/index.php\/wp-json\/wp\/v2\/tags?post=42229"}],"curies":[{"name":"wp","href":"https:\/\/api.w.org\/{rel}","templated":true}]}}