{"id":42226,"date":"2025-03-22T17:41:45","date_gmt":"2025-03-22T17:41:45","guid":{"rendered":"https:\/\/defrentealaverdad.com\/?p=42226"},"modified":"2025-03-22T17:41:45","modified_gmt":"2025-03-22T17:41:45","slug":"dominicana-de-seguros-apuesta-por-el-medioambiente-con-dominicana-verde-2025","status":"publish","type":"post","link":"https:\/\/defrentealaverdad.com\/index.php\/2025\/03\/22\/dominicana-de-seguros-apuesta-por-el-medioambiente-con-dominicana-verde-2025\/","title":{"rendered":"Dominicana de Seguros apuesta por el medioambiente con \u00abDominicana Verde 2025\u00bb"},"content":{"rendered":"<p style=\"text-align: justify;\">En un firme compromiso con la responsabilidad social y el cuidado del medioambiente, Dominicana de Seguros llev\u00f3 a cabo su tradicional jornada de reforestaci\u00f3n \u201cDominicana Verde 2025\u201d en el Parque Mirador Sur.<\/p>\n<p style=\"text-align: justify;\">El CEO y vicepresidente ejecutivo de Dominicana de Seguros, Jonathan Molina, se\u00f1al\u00f3 que esta iniciativa que realizan anualmente forma parte de la misi\u00f3n de la empresa de generar un impacto positivo en la sociedad, promoviendo espacios seguros y sostenibles para las futuras generaciones.<\/p>\n<p style=\"text-align: justify;\">Durante la jornada, colaboradores de la empresa y familiares se unieron para plantar \u00e1rboles, reforzando valores fundamentales como la responsabilidad ambiental y el compromiso social.<\/p>\n<p style=\"text-align: justify;\">Con esta acci\u00f3n, Dominicana de Seguros busca dejar una huella positiva en el planeta promoviendo el cuidado de los espacios naturales , crear consciencia del impacto que va dejando la sociedad actual en el planeta y fomentando el cuidado del ox\u00edgeno ; todas acciones que impactan en la calidad de vida de las familias dominicanas.<\/p>\n<p style=\"text-align: justify;\"><strong>Sobre Dominicana de Seguros<\/strong><\/p>\n<p style=\"text-align: justify;\">Dominicana de Seguros es una empresa aseguradora que garantiza tranquilidad y seguridad a todos sus clientes, desde su fundaci\u00f3n en 1959, a trav\u00e9s de sus seguros de riesgos generales y de personas a nivel local, con respaldo internacional.Cuenta con servicios de seguros para incendios, naves mar\u00edtimas y a\u00e9reas, riesgo de construcci\u00f3n, fianza y equipos contratistas, entre otros.<\/p>\n","protected":false},"excerpt":{"rendered":"<p>En un firme compromiso con la responsabilidad social y el cuidado del medioambiente, Dominicana de<\/p>\n","protected":false},"author":2,"featured_media":42227,"comment_status":"open","ping_status":"open","sticky":false,"template":"","format":"standard","meta":{"footnotes":""},"categories":[7],"tags":[],"class_list":["post-42226","post","type-post","status-publish","format-standard","has-post-thumbnail","hentry","category-nacionales"],"_links":{"self":[{"href":"https:\/\/defrentealaverdad.com\/index.php\/wp-json\/wp\/v2\/posts\/42226","targetHints":{"allow":["GET"]}}],"collection":[{"href":"https:\/\/defrentealaverdad.com\/index.php\/wp-json\/wp\/v2\/posts"}],"about":[{"href":"https:\/\/defrentealaverdad.com\/index.php\/wp-json\/wp\/v2\/types\/post"}],"author":[{"embeddable":true,"href":"https:\/\/defrentealaverdad.com\/index.php\/wp-json\/wp\/v2\/users\/2"}],"replies":[{"embeddable":true,"href":"https:\/\/defrentealaverdad.com\/index.php\/wp-json\/wp\/v2\/comments?post=42226"}],"version-history":[{"count":1,"href":"https:\/\/defrentealaverdad.com\/index.php\/wp-json\/wp\/v2\/posts\/42226\/revisions"}],"predecessor-version":[{"id":42228,"href":"https:\/\/defrentealaverdad.com\/index.php\/wp-json\/wp\/v2\/posts\/42226\/revisions\/42228"}],"wp:featuredmedia":[{"embeddable":true,"href":"https:\/\/defrentealaverdad.com\/index.php\/wp-json\/wp\/v2\/media\/42227"}],"wp:attachment":[{"href":"https:\/\/defrentealaverdad.com\/index.php\/wp-json\/wp\/v2\/media?parent=42226"}],"wp:term":[{"taxonomy":"category","embeddable":true,"href":"https:\/\/defrentealaverdad.com\/index.php\/wp-json\/wp\/v2\/categories?post=42226"},{"taxonomy":"post_tag","embeddable":true,"href":"https:\/\/defrentealaverdad.com\/index.php\/wp-json\/wp\/v2\/tags?post=42226"}],"curies":[{"name":"wp","href":"https:\/\/api.w.org\/{rel}","templated":true}]}}