{"id":42223,"date":"2025-03-22T17:35:25","date_gmt":"2025-03-22T17:35:25","guid":{"rendered":"https:\/\/defrentealaverdad.com\/?p=42223"},"modified":"2025-03-22T17:35:50","modified_gmt":"2025-03-22T17:35:50","slug":"homenaje-especial-a-las-mujeres-en-la-prensa","status":"publish","type":"post","link":"https:\/\/defrentealaverdad.com\/index.php\/2025\/03\/22\/homenaje-especial-a-las-mujeres-en-la-prensa\/","title":{"rendered":"Homenaje Especial a las Mujeres en la Prensa"},"content":{"rendered":"<p style=\"text-align: justify;\"><strong>Santo Domingo.-<\/strong> En un emotivo acto, el Sindicato Nacional de Trabajadores de la Prensa (SNTP), en colaboraci\u00f3n con su filial del Distrito Nacional y la Secretar\u00eda de Equidad de G\u00e9nero, llev\u00f3 a cabo un Homenaje Especial a diez destacadas trabajadoras de la prensa, en conmemoraci\u00f3n del D\u00eda Internacional de la Mujer. La ceremonia se realiz\u00f3 en el sal\u00f3n Orlando Mart\u00ednez del Colegio Dominicano de Periodistas (CDP).<\/p>\n<p style=\"text-align: justify;\">Estuvieron presentes el doctor Cruz Jimini\u00e1n y el doctor Eddison Feliz Feliz, director del Servicio Nacional Metropolitano de Salud, quienes tambi\u00e9n expresaron su apoyo y reconocimiento a las mujeres en el periodismo.<\/p>\n<p style=\"text-align: justify;\">Las reconocidas son:\u00a0 \u00a0Ada Guzm\u00e1n, Julia Flores Polanco,Domi Mosquea, Alina Mieses, Francia Valdez, Virnalisy Yanet Garc\u00eda Guerrero, Adolfina Mej\u00eda, Nadia Brisel Mej\u00eda, Yamaira de la Cruz Brea y Martina Espinal Pereyra<\/p>\n<p style=\"text-align: justify;\">El secretario general del SNTP, Jos\u00e9 Beato, enfatiz\u00f3 el impacto hist\u00f3rico que las mujeres han tenido en la promoci\u00f3n y defensa de los derechos laborales. A pesar de los logros alcanzados, resalt\u00f3 que a\u00fan existen desigualdades salariales y limitadas oportunidades para el avance en el sector.<\/p>\n<blockquote>\n<p style=\"text-align: justify;\">\u201cHoy celebramos a estas comunicadoras que, aunque sus esfuerzos a menudo son invisibilizados, contribuyen al fortalecimiento de la libertad de expresi\u00f3n y la democracia\u201d, afirm\u00f3 Beato.<\/p>\n<\/blockquote>\n<p style=\"text-align: justify;\">La secretaria de Equidad de G\u00e9nero, Ana Inoa, subray\u00f3 que ser mujer en el periodismo es mucho m\u00e1s que una profesi\u00f3n; es llevar consigo la verdad y la responsabilidad. Felicit\u00f3 a las homenajeadas y les record\u00f3 que su labor es fundamental para un periodismo m\u00e1s justo y humano.<\/p>\n<blockquote>\n<p style=\"text-align: justify;\">\u201cUstedes son una luz brillante en esta profesi\u00f3n,\u201d manifest\u00f3 Inoa.<\/p>\n<\/blockquote>\n<p style=\"text-align: justify;\">En nombre de las galardonadas, Martina Espinal agradeci\u00f3 esta significativa distinci\u00f3n y reafirm\u00f3 el compromiso de las mujeres trabajadoras de la prensa con la \u00e9tica y el desarrollo del periodismo en nuestro pa\u00eds.<\/p>\n<p style=\"text-align: justify;\">Fuente:\u00a0 Janet B\u00e1ez<\/p>\n","protected":false},"excerpt":{"rendered":"<p>Santo Domingo.- En un emotivo acto, el Sindicato Nacional de Trabajadores de la Prensa (SNTP),<\/p>\n","protected":false},"author":1,"featured_media":42225,"comment_status":"open","ping_status":"open","sticky":false,"template":"","format":"standard","meta":{"footnotes":""},"categories":[7],"tags":[],"class_list":["post-42223","post","type-post","status-publish","format-standard","has-post-thumbnail","hentry","category-nacionales"],"_links":{"self":[{"href":"https:\/\/defrentealaverdad.com\/index.php\/wp-json\/wp\/v2\/posts\/42223","targetHints":{"allow":["GET"]}}],"collection":[{"href":"https:\/\/defrentealaverdad.com\/index.php\/wp-json\/wp\/v2\/posts"}],"about":[{"href":"https:\/\/defrentealaverdad.com\/index.php\/wp-json\/wp\/v2\/types\/post"}],"author":[{"embeddable":true,"href":"https:\/\/defrentealaverdad.com\/index.php\/wp-json\/wp\/v2\/users\/1"}],"replies":[{"embeddable":true,"href":"https:\/\/defrentealaverdad.com\/index.php\/wp-json\/wp\/v2\/comments?post=42223"}],"version-history":[{"count":1,"href":"https:\/\/defrentealaverdad.com\/index.php\/wp-json\/wp\/v2\/posts\/42223\/revisions"}],"predecessor-version":[{"id":42224,"href":"https:\/\/defrentealaverdad.com\/index.php\/wp-json\/wp\/v2\/posts\/42223\/revisions\/42224"}],"wp:featuredmedia":[{"embeddable":true,"href":"https:\/\/defrentealaverdad.com\/index.php\/wp-json\/wp\/v2\/media\/42225"}],"wp:attachment":[{"href":"https:\/\/defrentealaverdad.com\/index.php\/wp-json\/wp\/v2\/media?parent=42223"}],"wp:term":[{"taxonomy":"category","embeddable":true,"href":"https:\/\/defrentealaverdad.com\/index.php\/wp-json\/wp\/v2\/categories?post=42223"},{"taxonomy":"post_tag","embeddable":true,"href":"https:\/\/defrentealaverdad.com\/index.php\/wp-json\/wp\/v2\/tags?post=42223"}],"curies":[{"name":"wp","href":"https:\/\/api.w.org\/{rel}","templated":true}]}}