{"id":4220,"date":"2023-04-05T22:39:30","date_gmt":"2023-04-05T22:39:30","guid":{"rendered":"https:\/\/defrentealaverdad.com\/?p=4220"},"modified":"2024-11-19T19:30:33","modified_gmt":"2024-11-19T19:30:33","slug":"dia-del-periodista-en-la-republica-la-dominicana","status":"publish","type":"post","link":"https:\/\/defrentealaverdad.com\/index.php\/2023\/04\/05\/dia-del-periodista-en-la-republica-la-dominicana\/","title":{"rendered":"D\u00eda del Periodista en la Rep\u00fablica la Dominicana"},"content":{"rendered":"<p>&nbsp;<\/p>\n<p>Cada 5 de abril se celebra el D\u00eda del Periodista en Rep\u00fablica Dominicana.<\/p>\n<p style=\"text-align: left;\">Este mi\u00e9rcoles 5 de abril la Rep\u00fablica Dominicana celebra el D\u00eda del Periodista, como una forma de conmemorar que en el a\u00f1o 1821, bajo el gobierno de la Espa\u00f1a Boba que sali\u00f3 a la luz el peri\u00f3dico \u201cEl Tel\u00e9grafo Constitucional\u201d, el primero en ser publicado en lo que hoy es el territorio nacional dominicano.<\/p>\n<p>El Tel\u00e9grafo Constitucional de Santo Domingo comprend\u00eda cuatro p\u00e1ginas y ten\u00eda una salida semanal y difund\u00eda decretos, disposiciones de los ayuntamientos, las diputaciones, la actividad del comercio, los precios, las operaciones navales, entre otras.<\/p>\n<p>Fue mediante la ley 5807 de 1962 que se estableci\u00f3 de manera oficial el D\u00eda del Periodista en la Rep\u00fablica Dominicana.<\/p>\n<p>El D\u00eda del Periodista es una festividad en la que se celebra a los periodistas y comunicadores, profesionales cuyo trabajo consiste en descubrir e investigar temas de inter\u00e9s p\u00fablico, contrastarlos, sintetizarlos, jerarquizarlos y publicarlos. Para ello recurre a fuentes period\u00edsticas fiables y verificables. As\u00ed elabora sus art\u00edculos, que pueden tomar varias formas para su difusi\u00f3n: oral, escrita, visual.<\/p>\n<p>Existen varios principios que gu\u00edan la labor del periodista, el principal de los cuales es el respeto por la verdad, el rigor en la b\u00fasqueda de la informaci\u00f3n fidedigna y verificable.<\/p>\n<p>En general, se considera buen periodista al que consigue informaci\u00f3n relevante, breve y exacta en el menor tiempo posible.<\/p>\n<p>Fuente: Peri\u00f3dico Hoy<\/p>\n","protected":false},"excerpt":{"rendered":"<p>&nbsp; Cada 5 de abril se celebra el D\u00eda del Periodista en Rep\u00fablica Dominicana. Este<\/p>\n","protected":false},"author":2,"featured_media":0,"comment_status":"open","ping_status":"open","sticky":false,"template":"","format":"standard","meta":{"footnotes":""},"categories":[7],"tags":[],"class_list":["post-4220","post","type-post","status-publish","format-standard","hentry","category-nacionales"],"_links":{"self":[{"href":"https:\/\/defrentealaverdad.com\/index.php\/wp-json\/wp\/v2\/posts\/4220","targetHints":{"allow":["GET"]}}],"collection":[{"href":"https:\/\/defrentealaverdad.com\/index.php\/wp-json\/wp\/v2\/posts"}],"about":[{"href":"https:\/\/defrentealaverdad.com\/index.php\/wp-json\/wp\/v2\/types\/post"}],"author":[{"embeddable":true,"href":"https:\/\/defrentealaverdad.com\/index.php\/wp-json\/wp\/v2\/users\/2"}],"replies":[{"embeddable":true,"href":"https:\/\/defrentealaverdad.com\/index.php\/wp-json\/wp\/v2\/comments?post=4220"}],"version-history":[{"count":1,"href":"https:\/\/defrentealaverdad.com\/index.php\/wp-json\/wp\/v2\/posts\/4220\/revisions"}],"predecessor-version":[{"id":4221,"href":"https:\/\/defrentealaverdad.com\/index.php\/wp-json\/wp\/v2\/posts\/4220\/revisions\/4221"}],"wp:attachment":[{"href":"https:\/\/defrentealaverdad.com\/index.php\/wp-json\/wp\/v2\/media?parent=4220"}],"wp:term":[{"taxonomy":"category","embeddable":true,"href":"https:\/\/defrentealaverdad.com\/index.php\/wp-json\/wp\/v2\/categories?post=4220"},{"taxonomy":"post_tag","embeddable":true,"href":"https:\/\/defrentealaverdad.com\/index.php\/wp-json\/wp\/v2\/tags?post=4220"}],"curies":[{"name":"wp","href":"https:\/\/api.w.org\/{rel}","templated":true}]}}