{"id":4217,"date":"2023-04-05T17:08:19","date_gmt":"2023-04-05T17:08:19","guid":{"rendered":"https:\/\/defrentealaverdad.com\/?p=4217"},"modified":"2023-04-05T17:08:19","modified_gmt":"2023-04-05T17:08:19","slug":"presidente-luis-abinader-encabeza-reinauguracion-de-la-fortaleza-patria-general-de-brigada-carlos-castillo-pimentel-en-constanza","status":"publish","type":"post","link":"https:\/\/defrentealaverdad.com\/index.php\/2023\/04\/05\/presidente-luis-abinader-encabeza-reinauguracion-de-la-fortaleza-patria-general-de-brigada-carlos-castillo-pimentel-en-constanza\/","title":{"rendered":"Presidente Luis Abinader encabeza reinauguraci\u00f3n de la Fortaleza Patria, General de Brigada Carlos Castillo Pimentel, en Constanza"},"content":{"rendered":"<p>Por Felix Rubio<\/p>\n<p style=\"text-align: justify;\"><img decoding=\"async\" class=\"alignnone size-medium wp-image-4218 lazyload\" data-src=\"https:\/\/defrentealaverdad.com\/wp-content\/uploads\/2023\/04\/Sin-titulo-3-300x200.png\" alt=\"\" width=\"300\" height=\"200\" data-srcset=\"https:\/\/defrentealaverdad.com\/wp-content\/uploads\/2023\/04\/Sin-titulo-3-300x200.png 300w, https:\/\/defrentealaverdad.com\/wp-content\/uploads\/2023\/04\/Sin-titulo-3-1024x682.png 1024w, https:\/\/defrentealaverdad.com\/wp-content\/uploads\/2023\/04\/Sin-titulo-3-768x512.png 768w, https:\/\/defrentealaverdad.com\/wp-content\/uploads\/2023\/04\/Sin-titulo-3.png 1280w\" data-sizes=\"(max-width: 300px) 100vw, 300px\" src=\"data:image\/svg+xml;base64,PHN2ZyB3aWR0aD0iMSIgaGVpZ2h0PSIxIiB4bWxucz0iaHR0cDovL3d3dy53My5vcmcvMjAwMC9zdmciPjwvc3ZnPg==\" style=\"--smush-placeholder-width: 300px; --smush-placeholder-aspect-ratio: 300\/200;\" \/><\/p>\n<p style=\"text-align: justify;\">El Excelent\u00edsimo Se\u00f1or Presidente Constitucional de la Rep\u00fablica, Luis Rodolfo Abinader Corona, Autoridad Suprema de las Fuerzas Armadas y la Polic\u00eda Nacional, acompa\u00f1ado de su distinguida esposa, Primera Dama de la Rep\u00fablica, la Sra. Raquel Arbaje; el Ministro de Defensa, Teniente General Carlos Luciano D\u00edaz Morfa, ERD.; Comandante General del Ej\u00e9rcito, Mayor General Carlos Antonio Fern\u00e1ndez Onofre; encabez\u00f3 el acto de reinauguraci\u00f3n de la Fortaleza Patria, General de Brigada Carlos Castillo Pimentel, en el municipio de Constanza, Provincia La Vega.<\/p>\n<p style=\"text-align: justify;\">Las palabras de bienvenida estuvieron a cargo del Comandante General, quien dio a conocer los detalles de la reci\u00e9n remozada estructura militar, sede del 6to. Batall\u00f3n de Cazadores del Ej\u00e9rcito de la Rep\u00fablica Dominicana, ERD. Tan pronto culmin\u00f3, se realiz\u00f3 el corte de cinta, y acompa\u00f1\u00f3 al Se\u00f1or Presidente y dem\u00e1s invitados en un recorrido por las nuevas instalaciones. El Primer Mandatario comparti\u00f3 en un almuerzo junto a las tropas y los presentes.<\/p>\n<p style=\"text-align: justify;\">La remodelaci\u00f3n de esta obra se realiz\u00f3 con el objetivo de mejorar las condiciones del recinto militar, para que los soldados puedan llevar a cabo sus tareas en condiciones adecuadas; y garantizar el apoyo en las labores de seguridad de la ciudadan\u00eda.<\/p>\n<p style=\"text-align: justify;\">La actividad cont\u00f3 con la presencia especial del se\u00f1or Jos\u00e9 Ignacio Paliza, Ministro Administrativo de la Presidencia; Luisa Altagracia Jim\u00e9nez Cabrera, Gobernadora de la provincia La Vega; Ram\u00f3n Rogelio Genao Dur\u00e1n, Senador por la provincia La Vega; Juan Agust\u00edn Luna Lora, Alcalde del municipio de Constanza, el Viceministro para Asuntos Militares, Mayor General Julio Ernesto Flori\u00e1n P\u00e9rez y el Sub Comandante del Ej\u00e9rcito, General de Brigada \u00c1ngel Alfredo Camacho Ubiera, ERD. Adem\u00e1s del Estado Mayor Coordinador y los Comandante de la 2da. Brigada de Infanter\u00eda, ERD. y la Brigada de Apoyo de Servicio, ERD.<\/p>\n<p>&nbsp;<\/p>\n<p>Fuente: Prensa ERD<\/p>\n","protected":false},"excerpt":{"rendered":"<p>Por Felix Rubio El Excelent\u00edsimo Se\u00f1or Presidente Constitucional de la Rep\u00fablica, Luis Rodolfo Abinader Corona,<\/p>\n","protected":false},"author":1,"featured_media":0,"comment_status":"open","ping_status":"open","sticky":false,"template":"","format":"standard","meta":{"footnotes":""},"categories":[7],"tags":[],"class_list":["post-4217","post","type-post","status-publish","format-standard","hentry","category-nacionales"],"_links":{"self":[{"href":"https:\/\/defrentealaverdad.com\/index.php\/wp-json\/wp\/v2\/posts\/4217","targetHints":{"allow":["GET"]}}],"collection":[{"href":"https:\/\/defrentealaverdad.com\/index.php\/wp-json\/wp\/v2\/posts"}],"about":[{"href":"https:\/\/defrentealaverdad.com\/index.php\/wp-json\/wp\/v2\/types\/post"}],"author":[{"embeddable":true,"href":"https:\/\/defrentealaverdad.com\/index.php\/wp-json\/wp\/v2\/users\/1"}],"replies":[{"embeddable":true,"href":"https:\/\/defrentealaverdad.com\/index.php\/wp-json\/wp\/v2\/comments?post=4217"}],"version-history":[{"count":1,"href":"https:\/\/defrentealaverdad.com\/index.php\/wp-json\/wp\/v2\/posts\/4217\/revisions"}],"predecessor-version":[{"id":4219,"href":"https:\/\/defrentealaverdad.com\/index.php\/wp-json\/wp\/v2\/posts\/4217\/revisions\/4219"}],"wp:attachment":[{"href":"https:\/\/defrentealaverdad.com\/index.php\/wp-json\/wp\/v2\/media?parent=4217"}],"wp:term":[{"taxonomy":"category","embeddable":true,"href":"https:\/\/defrentealaverdad.com\/index.php\/wp-json\/wp\/v2\/categories?post=4217"},{"taxonomy":"post_tag","embeddable":true,"href":"https:\/\/defrentealaverdad.com\/index.php\/wp-json\/wp\/v2\/tags?post=4217"}],"curies":[{"name":"wp","href":"https:\/\/api.w.org\/{rel}","templated":true}]}}