{"id":4212,"date":"2023-04-05T16:18:29","date_gmt":"2023-04-05T16:18:29","guid":{"rendered":"https:\/\/defrentealaverdad.com\/?p=4212"},"modified":"2023-04-05T16:18:29","modified_gmt":"2023-04-05T16:18:29","slug":"pasaportes-trabajara-desde-las-ocho-de-la-manana-a-nueve-de-la-noche","status":"publish","type":"post","link":"https:\/\/defrentealaverdad.com\/index.php\/2023\/04\/05\/pasaportes-trabajara-desde-las-ocho-de-la-manana-a-nueve-de-la-noche\/","title":{"rendered":"Pasaportes trabajar\u00e1 desde las ocho de la ma\u00f1ana a nueve de la noche"},"content":{"rendered":"<p><img decoding=\"async\" class=\"aligncenter lazyload\" data-src=\"https:\/\/panoramaurbanord.com\/wp-content\/uploads\/2023\/04\/AD41F1AE-A5D2-461C-A5D3-E22B6A51278F.jpeg\" src=\"data:image\/svg+xml;base64,PHN2ZyB3aWR0aD0iMSIgaGVpZ2h0PSIxIiB4bWxucz0iaHR0cDovL3d3dy53My5vcmcvMjAwMC9zdmciPjwvc3ZnPg==\" \/><\/p>\n<p>&nbsp;<\/p>\n<p style=\"text-align: justify;\"><strong>Santo Domingo RD &#8211; <\/strong>La Direcci\u00f3n General de Pasaportes (DGP) hizo un llamado a la poblaci\u00f3n a agendar su cita para la realizaci\u00f3n de procesos de emisi\u00f3n y renovaci\u00f3n del documento, ante la gran demanda de solicitudes registrada en los \u00faltimos meses.<\/p>\n<p style=\"text-align: justify;\">En ese sentido la DGP inform\u00f3 que dispondr\u00e1 de un horario especial de 8:00 de la ma\u00f1ana a 9:00 de la noche, solo en la sede central, ubicada en el Centro de Los H\u00e9roes (La Feria) a partir de este lunes 10 de abril.<\/p>\n<p style=\"text-align: justify;\">La instituci\u00f3n indica que la emisi\u00f3n y renovaci\u00f3n de la libreta se estar\u00e1 realizando desde las ocho de la ma\u00f1ana a tres de la tarde, previo haber agendadado su cita a trav\u00e9s de: citas.pasaportes.gob.do o llamando al n\u00famero 809 532 4433, extensiones 220, 221 o 222.<\/p>\n<p style=\"text-align: justify;\">Mientras que la entrega del documento de identidad internacional ser\u00e1 desde el inicio de las labores hasta las nueve de la noche, por lo que los ciudadanos tendr\u00e1n todo el d\u00eda para retirar su libreta.<\/p>\n<p style=\"text-align: justify;\">Los casos de emergencia se estar\u00e1n atendiendo sin cita previo documentar o aportar evidencia de la misma.<\/p>\n<p style=\"text-align: justify;\">Asimismo, indica que todo ciudadano que le fue colocado un sello al documento de viaje, recibir\u00e1 la notificaci\u00f3n de su cita para la entrega de su nuevo pasaporte.<\/p>\n<p style=\"text-align: justify;\">La entidad pide excusas a la poblaci\u00f3n por los inconvenientes de los \u00faltimos d\u00edas atribuidos a la alta demanda de solicitudes, aumentadas en m\u00e1s de un 35 por ciento y al retraso en la entrega de las libretas v\u00edrgenes.<\/p>\n<p style=\"text-align: justify;\">Se reitera a la poblaci\u00f3n que se trabaja actualmente en la disminuci\u00f3n del tiempo de espera no solo en las cita, sino tambi\u00e9n en la entrega del documento.<\/p>\n<p>&nbsp;<\/p>\n<p>Fuente: Direcci\u00f3n General de Pasaportes (DGP)<\/p>\n","protected":false},"excerpt":{"rendered":"<p>&nbsp; Santo Domingo RD &#8211; La Direcci\u00f3n General de Pasaportes (DGP) hizo un llamado a<\/p>\n","protected":false},"author":1,"featured_media":0,"comment_status":"open","ping_status":"open","sticky":false,"template":"","format":"standard","meta":{"footnotes":""},"categories":[7],"tags":[],"class_list":["post-4212","post","type-post","status-publish","format-standard","hentry","category-nacionales"],"_links":{"self":[{"href":"https:\/\/defrentealaverdad.com\/index.php\/wp-json\/wp\/v2\/posts\/4212","targetHints":{"allow":["GET"]}}],"collection":[{"href":"https:\/\/defrentealaverdad.com\/index.php\/wp-json\/wp\/v2\/posts"}],"about":[{"href":"https:\/\/defrentealaverdad.com\/index.php\/wp-json\/wp\/v2\/types\/post"}],"author":[{"embeddable":true,"href":"https:\/\/defrentealaverdad.com\/index.php\/wp-json\/wp\/v2\/users\/1"}],"replies":[{"embeddable":true,"href":"https:\/\/defrentealaverdad.com\/index.php\/wp-json\/wp\/v2\/comments?post=4212"}],"version-history":[{"count":1,"href":"https:\/\/defrentealaverdad.com\/index.php\/wp-json\/wp\/v2\/posts\/4212\/revisions"}],"predecessor-version":[{"id":4213,"href":"https:\/\/defrentealaverdad.com\/index.php\/wp-json\/wp\/v2\/posts\/4212\/revisions\/4213"}],"wp:attachment":[{"href":"https:\/\/defrentealaverdad.com\/index.php\/wp-json\/wp\/v2\/media?parent=4212"}],"wp:term":[{"taxonomy":"category","embeddable":true,"href":"https:\/\/defrentealaverdad.com\/index.php\/wp-json\/wp\/v2\/categories?post=4212"},{"taxonomy":"post_tag","embeddable":true,"href":"https:\/\/defrentealaverdad.com\/index.php\/wp-json\/wp\/v2\/tags?post=4212"}],"curies":[{"name":"wp","href":"https:\/\/api.w.org\/{rel}","templated":true}]}}