{"id":4209,"date":"2023-04-04T15:54:04","date_gmt":"2023-04-04T15:54:04","guid":{"rendered":"https:\/\/defrentealaverdad.com\/?p=4209"},"modified":"2023-04-04T15:54:44","modified_gmt":"2023-04-04T15:54:44","slug":"esther-barranco-celebra-el-lanzamiento-de-su-podcast-esther-barranco-es-un-bendito-show","status":"publish","type":"post","link":"https:\/\/defrentealaverdad.com\/index.php\/2023\/04\/04\/esther-barranco-celebra-el-lanzamiento-de-su-podcast-esther-barranco-es-un-bendito-show\/","title":{"rendered":"Esther Barranco celebra el lanzamiento de su podcast: \u201cEsther Barranco es un Bendito Show\u201d"},"content":{"rendered":"<p><img decoding=\"async\" class=\"aligncenter lazyload\" data-src=\"https:\/\/blogger.googleusercontent.com\/img\/b\/R29vZ2xl\/AVvXsEh_LlWQyq8BsekvK7JEMQ6m4LZmtw56dC6jht2AMJipBc-1mL-T3P3ke5tiDVeFdJ5LgEYshTvLc_depiW0Ln91iDh10M_q4RrFjgE8Ds0dpIgt6kDPKefKdbBSmDUmw4uXtdLd47wcw1PJru9LfsYq7Z0AyaZ9W7ozqQPcY0tKmZqcqQ9wE3jVx2xT\/s320\/ESTHER%20BANNER%202.png\" src=\"data:image\/svg+xml;base64,PHN2ZyB3aWR0aD0iMSIgaGVpZ2h0PSIxIiB4bWxucz0iaHR0cDovL3d3dy53My5vcmcvMjAwMC9zdmciPjwvc3ZnPg==\" \/><\/p>\n<p style=\"text-align: justify;\">New York. USA. <strong>ESTHER BARRANCO ES UN BENDITO SHOW<\/strong> es una propuesta fresca y diferente, cargada del peculiar estilo de la destacada Influencer, Evangelista, actriz y humorista Esther Barranco, quien ha asumido una responsabilidad para con su generacion y su legado.<\/p>\n<p style=\"text-align: justify;\"><em>\u201cEste podcast es un contenido para toda la familia, es la oportunidad de tener frente al microfono y en un mismo contenido a todos los personajes que he recreado, tratare de llevar un balance entre un poquito de humor y un poquito de temas serios..\u201d<\/em> Declara Esther Barranco, refiriendose al podcast y los contenido que desarrollara.<\/p>\n<p style=\"text-align: justify;\">ESTHER BARRANCO ES UN BENDITO SHOW es el primer proyecto de Esther Barranco luego de que se uniera a la empresa ADMIRABLE MUSIC como primera influencer en ser firmada por una diquera y que ademas es la host oficial del reality de canto cristiano internacional THE CHOSEN USA. ESTHER BARRANCO ES UN BENDITO SHOW esta disponible desde este 6 de abril 2023 en todas las plataformas digitales e igualmente estrenara un nuevo episodio cada lunes a las 6:00pm Sobre Esther Barranco Esther Barranco, nacio en la Rep\u00fablica Dominicana en un hogar Cristiano.<\/p>\n<p style=\"text-align: justify;\">Su padre fue pastor por 20 a\u00f1os y su madre una trabajadora ferviente de la obra del Se\u00f1or. A la edad de los 9 a\u00f1os fue bautizada y migr\u00f3 a los Estados Unidos para empezar una vida nueva. A la edad de los 18 a\u00f1os empez\u00f3 a servir en el liderazgo juvenil de su iglesia. A la misma edad se gradu\u00f3 de un \u201cAssociates Degree\u201d en Biolog\u00eda. A los 20 a\u00f1os pone en pausa sus estudios, para empezar el llamado evangelistico que Dios le hab\u00eda dado. A la corta edad de 22 a\u00f1os fue maestra de instituto b\u00edblico donde imparti\u00f3 clases como \u201cCartas Paulinas\u201d e \u201cHistoria de la Iglesia Cristiana\u201d.<\/p>\n<p style=\"text-align: justify;\">Pero tuvo que poner en pausa sus ense\u00f1anzas por responsabilidades ministeriales. Aprovechando el crecimiento de las redes sociales, empez\u00f3 evangelizando en Facebook donde se viraliso con un video llamado \u201cLa religiosidad\u201d. M\u00e1s tarde con la ayuda de Abdis P\u00e9rez y Jonathan Domenech empez\u00f3 a hacer humor con el prop\u00f3sito de atraer a los j\u00f3venes con un \u201cevangelismo disfrazado de sonrisas\u201d.<\/p>\n<p style=\"text-align: justify;\">A eso se le a\u00f1ade Juan de Montreal y otros colaboradores m\u00e1s. A la corta edad de 22 a\u00f1os fue maestra de instituto b\u00edblico donde imparti\u00f3 clases como <strong><em>\u201cCartas Paulinas\u201d<\/em><\/strong> e <em><strong>\u201cHistoria de la Iglesia Cristiana\u201d.<\/strong><\/em> Pero tuvo que poner en pausa sus ense\u00f1anzas por responsabilidades ministeriales.<\/p>\n<p style=\"text-align: justify;\">Mas adelante incursiona en el medio musical con su primer sencillo; \u201cAhnelamos Al Rey\u201d. Admirable Group Agency Comunicado de Prensa RR.PP \u00c1ngela Rodr\u00edguez En Abril del 2019 conduce oficialmente Premios El Galard\u00f3n en Rep\u00fablica Dominicana. En dichos premios fue reconocida junto a F\u00e9lix Aquino y Julio Portillo (Poeta del Cielo) como \u201cINFLUENCER\u201d del a\u00f1o, por el gran impacto que ha tenido su ministerio en tan corto tiempo.<\/p>\n<p style=\"text-align: justify;\">El mismo a\u00f1o tambi\u00e9n fue nominada por premios Redenci\u00f3n por mayor influencia en las redes. Misma categor\u00eda que fue nominada en el 2018 por Monster Music Awards, en Mexico. En el 2019 particip\u00f3 como conductora oficial de un show cristiano de talentos con redes en New York llamado \u201cThe Chosen USA\u201d. En el 2020 incursiono como actriz en la pel\u00edcula cristiana \u201cJusto a Tiempo\u201d de la mano de MojicaFilms, dicha pel\u00edcula est\u00e1 proyectada a salir en el transcurso del a\u00f1o.<\/p>\n<p style=\"text-align: justify;\">M\u00e1s adelante en el 2020 particip\u00f3 como maestra junto a Rudy Gracia, Rony Oliveira, entre otros, en la \u201cEscuela de Interseccion Digital\u201d creada por Julio Portillo (Poeta del Cielo) con redes en Guatemala. Esta clase cargo de herramientas a j\u00f3venes al rededor del mundo para volverse un orador eficaz. Actualmente Esther Barranco est\u00e1 trabajando en varios proyectos y este ministerio va por m\u00e1s!<\/p>\n<p>&nbsp;<\/p>\n<p>Fuente: Angela Rodr\u00edguez de <span class=\"il\">Admirable Group Agency<\/span><\/p>\n","protected":false},"excerpt":{"rendered":"<p>New York. USA. ESTHER BARRANCO ES UN BENDITO SHOW es una propuesta fresca y diferente,<\/p>\n","protected":false},"author":1,"featured_media":0,"comment_status":"open","ping_status":"open","sticky":false,"template":"","format":"standard","meta":{"footnotes":""},"categories":[16],"tags":[],"class_list":["post-4209","post","type-post","status-publish","format-standard","hentry","category-internacionales"],"_links":{"self":[{"href":"https:\/\/defrentealaverdad.com\/index.php\/wp-json\/wp\/v2\/posts\/4209","targetHints":{"allow":["GET"]}}],"collection":[{"href":"https:\/\/defrentealaverdad.com\/index.php\/wp-json\/wp\/v2\/posts"}],"about":[{"href":"https:\/\/defrentealaverdad.com\/index.php\/wp-json\/wp\/v2\/types\/post"}],"author":[{"embeddable":true,"href":"https:\/\/defrentealaverdad.com\/index.php\/wp-json\/wp\/v2\/users\/1"}],"replies":[{"embeddable":true,"href":"https:\/\/defrentealaverdad.com\/index.php\/wp-json\/wp\/v2\/comments?post=4209"}],"version-history":[{"count":2,"href":"https:\/\/defrentealaverdad.com\/index.php\/wp-json\/wp\/v2\/posts\/4209\/revisions"}],"predecessor-version":[{"id":4211,"href":"https:\/\/defrentealaverdad.com\/index.php\/wp-json\/wp\/v2\/posts\/4209\/revisions\/4211"}],"wp:attachment":[{"href":"https:\/\/defrentealaverdad.com\/index.php\/wp-json\/wp\/v2\/media?parent=4209"}],"wp:term":[{"taxonomy":"category","embeddable":true,"href":"https:\/\/defrentealaverdad.com\/index.php\/wp-json\/wp\/v2\/categories?post=4209"},{"taxonomy":"post_tag","embeddable":true,"href":"https:\/\/defrentealaverdad.com\/index.php\/wp-json\/wp\/v2\/tags?post=4209"}],"curies":[{"name":"wp","href":"https:\/\/api.w.org\/{rel}","templated":true}]}}