{"id":41848,"date":"2025-03-17T22:20:06","date_gmt":"2025-03-17T22:20:06","guid":{"rendered":"https:\/\/defrentealaverdad.com\/?p=41848"},"modified":"2025-03-17T22:20:13","modified_gmt":"2025-03-17T22:20:13","slug":"digecac-deja-en-funcionamiento-puntos-verdes","status":"publish","type":"post","link":"https:\/\/defrentealaverdad.com\/index.php\/2025\/03\/17\/digecac-deja-en-funcionamiento-puntos-verdes\/","title":{"rendered":"DIGECAC deja en funcionamiento Puntos Verdes\u00a0"},"content":{"rendered":"<blockquote>\n<p style=\"text-align: justify;\">La iniciativa busca evitar que los desechos de pl\u00e1sticos terminen en las carreteras y avenidas<\/p>\n<\/blockquote>\n<p style=\"text-align: justify;\"><strong>Santo Domingo.<\/strong> La Direcci\u00f3n General de Embellecimiento de Carreteras y Avenidas de Circunvalaci\u00f3n (DIGECAC) dej\u00f3 en funcionamiento el programa para la instalaci\u00f3n de puntos verdes, una iniciativa que busca crear conciencia en la poblaci\u00f3n sobre el reciclaje, evitando que los desechos terminen en las carreteras y avenidas.<\/p>\n<p style=\"text-align: justify;\">El programa se inici\u00f3 en el Sur, con la instalaci\u00f3n de puntos verdes en el Parque Central de Barahona y en Neyba, provincia Bahoruco, desde donde se llevar\u00e1 a otras provincias del pa\u00eds como parte de las medidas que se desarrollan para evitar que los desechos pl\u00e1sticos terminen en las v\u00edas.<\/p>\n<p style=\"text-align: justify;\">Al dejar instalado un punto verde en el Parque Duarte, en Neyba, el director general de la Digecac, Rodolfo Valera Grull\u00f3n, dijo que como instituci\u00f3n dedican los esfuerzos que sean necesarios, tendentes a mantener las v\u00edas limpias.<\/p>\n<blockquote>\n<p style=\"text-align: justify;\">\u201cEsta iniciativa la hemos llevado al Sur en una primera etapa, pero ser\u00e1 extendida a puntos estrat\u00e9gicos, como parques, plazas y otros, que permitan evitar que los pl\u00e1sticos y otros componentes duraderos terminen obstaculizando las v\u00edas\u201d, dijo Valera al participar en un operativo de limpieza que la instituci\u00f3n llev\u00f3 al parque de Neyba, donde se ejecutaron trabajos de pintura, mantenimiento y siembra de plantas.<\/p>\n<\/blockquote>\n<p style=\"text-align: justify;\">La iniciativa se desarroll\u00f3 con el apoyo del alcalde de ese municipio, Yadel Suberv\u00ed Santana, quien agradeci\u00f3 el trabajo realizado por la instituci\u00f3n para llevar soluciones mancomunadas a las comunidades.<\/p>\n<p style=\"text-align: justify;\">El operativo tambi\u00e9n fue extendido al Parque Enriquillo, en Tamayo, donde en colaboraci\u00f3n con la alcald\u00eda se desarroll\u00f3 una jornada de siembra y poda para recuperar el verdor del parque.<\/p>\n<p style=\"text-align: justify;\">La alcaldesa del municipio, Juana Cristina Mateo, por su parte, valor\u00f3 que la instituci\u00f3n pueda ir en apoyo a las alcald\u00edas para lograr las mejoras de esos espacios de recreaci\u00f3n.<\/p>\n<p style=\"text-align: justify;\">Fuente: Departamento de Comunicaci\u00f3n DIGECAC<\/p>\n","protected":false},"excerpt":{"rendered":"<p>La iniciativa busca evitar que los desechos de pl\u00e1sticos terminen en las carreteras y avenidas<\/p>\n","protected":false},"author":4,"featured_media":41849,"comment_status":"open","ping_status":"open","sticky":false,"template":"","format":"standard","meta":{"footnotes":""},"categories":[233],"tags":[],"class_list":["post-41848","post","type-post","status-publish","format-standard","has-post-thumbnail","hentry","category-medio-ambiente"],"_links":{"self":[{"href":"https:\/\/defrentealaverdad.com\/index.php\/wp-json\/wp\/v2\/posts\/41848","targetHints":{"allow":["GET"]}}],"collection":[{"href":"https:\/\/defrentealaverdad.com\/index.php\/wp-json\/wp\/v2\/posts"}],"about":[{"href":"https:\/\/defrentealaverdad.com\/index.php\/wp-json\/wp\/v2\/types\/post"}],"author":[{"embeddable":true,"href":"https:\/\/defrentealaverdad.com\/index.php\/wp-json\/wp\/v2\/users\/4"}],"replies":[{"embeddable":true,"href":"https:\/\/defrentealaverdad.com\/index.php\/wp-json\/wp\/v2\/comments?post=41848"}],"version-history":[{"count":1,"href":"https:\/\/defrentealaverdad.com\/index.php\/wp-json\/wp\/v2\/posts\/41848\/revisions"}],"predecessor-version":[{"id":41850,"href":"https:\/\/defrentealaverdad.com\/index.php\/wp-json\/wp\/v2\/posts\/41848\/revisions\/41850"}],"wp:featuredmedia":[{"embeddable":true,"href":"https:\/\/defrentealaverdad.com\/index.php\/wp-json\/wp\/v2\/media\/41849"}],"wp:attachment":[{"href":"https:\/\/defrentealaverdad.com\/index.php\/wp-json\/wp\/v2\/media?parent=41848"}],"wp:term":[{"taxonomy":"category","embeddable":true,"href":"https:\/\/defrentealaverdad.com\/index.php\/wp-json\/wp\/v2\/categories?post=41848"},{"taxonomy":"post_tag","embeddable":true,"href":"https:\/\/defrentealaverdad.com\/index.php\/wp-json\/wp\/v2\/tags?post=41848"}],"curies":[{"name":"wp","href":"https:\/\/api.w.org\/{rel}","templated":true}]}}