{"id":41845,"date":"2025-03-17T22:11:37","date_gmt":"2025-03-17T22:11:37","guid":{"rendered":"https:\/\/defrentealaverdad.com\/?p=41845"},"modified":"2025-03-17T22:11:37","modified_gmt":"2025-03-17T22:11:37","slug":"primiciawalddy-lina-polanco-lanza-la-revista-digital-los-regionarios-de-crn","status":"publish","type":"post","link":"https:\/\/defrentealaverdad.com\/index.php\/2025\/03\/17\/primiciawalddy-lina-polanco-lanza-la-revista-digital-los-regionarios-de-crn\/","title":{"rendered":"\u00a1Primicia!Walddy Lina Polanco lanza la revista digital Los Regionarios de CRN"},"content":{"rendered":"<p style=\"text-align: justify;\">Santo Domingo, RD \u2013 La destacada periodista y directora de CR News, Walddy Lina Polanco, present\u00f3 oficialmente Los Regionarios, la nueva revista digital que promete revolucionar el mundo del entretenimiento, la moda y el turismo en la Rep\u00fablica Dominicana.<\/p>\n<p style=\"text-align: justify;\">Los Regionarios se posiciona como un innovador proyecto editorial que se desprende de la plataforma de noticias CR News, con el prop\u00f3sito de ofrecer un contenido fresco, din\u00e1mico y enriquecedor para un p\u00fablico \u00e1vido de informaci\u00f3n actualizada y de calidad.<\/p>\n<p style=\"text-align: justify;\">La revista, que es considerada como la hija de CR News, se enfocar\u00e1 en entrevistas exclusivas con figuras relevantes del entretenimiento, art\u00edculos de moda con las \u00faltimas tendencias y reportajes sobre destinos tur\u00edsticos locales, resaltando la belleza y diversidad cultural del pa\u00eds. Durante el lanzamiento, Walddy Lina Polanco expres\u00f3:<\/p>\n<blockquote>\n<p style=\"text-align: justify;\">\u201cCon Los Regionarios, buscamos crear un espacio donde converjan el entretenimiento, la moda y el turismo, con una visi\u00f3n innovadora que conecte con el p\u00fablico joven y adulto que quiere estar al tanto de lo que ocurre en estas \u00e1reas\u201d.<\/p>\n<\/blockquote>\n<p style=\"text-align: justify;\">El proyecto promete convertirse en un referente digital que, adem\u00e1s de informar, inspirar\u00e1 a su audiencia a trav\u00e9s de un contenido visualmente atractivo y period\u00edsticamente s\u00f3lido.<\/p>\n<p>Fuente: Equipo CRN<\/p>\n","protected":false},"excerpt":{"rendered":"<p>Santo Domingo, RD \u2013 La destacada periodista y directora de CR News, Walddy Lina Polanco,<\/p>\n","protected":false},"author":1,"featured_media":41846,"comment_status":"open","ping_status":"open","sticky":false,"template":"","format":"standard","meta":{"footnotes":""},"categories":[249],"tags":[],"class_list":["post-41845","post","type-post","status-publish","format-standard","has-post-thumbnail","hentry","category-farandula"],"_links":{"self":[{"href":"https:\/\/defrentealaverdad.com\/index.php\/wp-json\/wp\/v2\/posts\/41845","targetHints":{"allow":["GET"]}}],"collection":[{"href":"https:\/\/defrentealaverdad.com\/index.php\/wp-json\/wp\/v2\/posts"}],"about":[{"href":"https:\/\/defrentealaverdad.com\/index.php\/wp-json\/wp\/v2\/types\/post"}],"author":[{"embeddable":true,"href":"https:\/\/defrentealaverdad.com\/index.php\/wp-json\/wp\/v2\/users\/1"}],"replies":[{"embeddable":true,"href":"https:\/\/defrentealaverdad.com\/index.php\/wp-json\/wp\/v2\/comments?post=41845"}],"version-history":[{"count":1,"href":"https:\/\/defrentealaverdad.com\/index.php\/wp-json\/wp\/v2\/posts\/41845\/revisions"}],"predecessor-version":[{"id":41847,"href":"https:\/\/defrentealaverdad.com\/index.php\/wp-json\/wp\/v2\/posts\/41845\/revisions\/41847"}],"wp:featuredmedia":[{"embeddable":true,"href":"https:\/\/defrentealaverdad.com\/index.php\/wp-json\/wp\/v2\/media\/41846"}],"wp:attachment":[{"href":"https:\/\/defrentealaverdad.com\/index.php\/wp-json\/wp\/v2\/media?parent=41845"}],"wp:term":[{"taxonomy":"category","embeddable":true,"href":"https:\/\/defrentealaverdad.com\/index.php\/wp-json\/wp\/v2\/categories?post=41845"},{"taxonomy":"post_tag","embeddable":true,"href":"https:\/\/defrentealaverdad.com\/index.php\/wp-json\/wp\/v2\/tags?post=41845"}],"curies":[{"name":"wp","href":"https:\/\/api.w.org\/{rel}","templated":true}]}}