{"id":41839,"date":"2025-03-17T22:06:59","date_gmt":"2025-03-17T22:06:59","guid":{"rendered":"https:\/\/defrentealaverdad.com\/?p=41839"},"modified":"2025-03-17T22:06:59","modified_gmt":"2025-03-17T22:06:59","slug":"constructores-impulsan-el-desarrollo-urbanistico-en-republica-dominicana-con-practicas-ejemplares","status":"publish","type":"post","link":"https:\/\/defrentealaverdad.com\/index.php\/2025\/03\/17\/constructores-impulsan-el-desarrollo-urbanistico-en-republica-dominicana-con-practicas-ejemplares\/","title":{"rendered":"Constructores impulsan el desarrollo urban\u00edstico en Rep\u00fablica Dominicana con pr\u00e1cticas ejemplares"},"content":{"rendered":"<blockquote>\n<p style=\"text-align: justify;\">El sector construcci\u00f3n se destaca por su compromiso con la calidad y la seguridad en regiones clave del pa\u00eds.<\/p>\n<\/blockquote>\n<p style=\"text-align: justify;\">En Rep\u00fablica Dominicana el sector de la construcci\u00f3n ha experimentado un notable avance en la adopci\u00f3n de buenas pr\u00e1cticas, reflej\u00e1ndose en el desarrollo urban\u00edstico de \u00e1reas como Punta Cana, Santiago, Saman\u00e1, Puerto Plata y el Gran Santo Domingo. Seg\u00fan Robert de la Cruz, CEO de Apartamentos RD, el 98% de las constructoras est\u00e1n implementando est\u00e1ndares elevados en sus proyectos, lo que ha contribuido significativamente al crecimiento ordenado y sostenible de estas regiones.<\/p>\n<p style=\"text-align: justify;\">De la Cruz subraya que este compromiso con la excelencia ha sido fundamental para posicionar al pa\u00eds como un destino atractivo para inversiones inmobiliarias y tur\u00edsticas.<\/p>\n<blockquote>\n<p style=\"text-align: justify;\">\u201cLa adopci\u00f3n de buenas pr\u00e1cticas en la construcci\u00f3n no solo garantiza la calidad de las edificaciones, sino que tambi\u00e9n fortalece la confianza de inversores y residentes en nuestras ciudades, al tiempo que asegura el respeto de los derechos de los consumidores, fortaleciendo la confianza en el mercado inmobiliario nacional\u201d, afirma.<\/p>\n<\/blockquote>\n<p style=\"text-align: justify;\">Regiones como Punta Cana han liderado el desarrollo inmobiliario fuera del Gran Santo Domingo, con proyectos residenciales que atraen tanto a dominicanos como a extranjeros.<\/p>\n<blockquote>\n<p style=\"text-align: justify;\">\u201cEste auge se debe a la importancia estrat\u00e9gica de la zona y al deseo de muchos de invertir en propiedades como segunda vivienda o para alquileres de corta duraci\u00f3n\u201d, sostiene el CEO de Apartamentos RD. \u201cAdem\u00e1s, iniciativas como el complejo Vista Cana en Punta Cana han sido elogiadas por su contribuci\u00f3n al desarrollo econ\u00f3mico y la generaci\u00f3n de empleo en la regi\u00f3n, por lo que el presidente Luis Abinader ha destacado este proyecto como un ejemplo del potencial inmobiliario del pa\u00eds\u201d, puntualiza.<\/p>\n<\/blockquote>\n<p style=\"text-align: justify;\">Este crecimiento tambi\u00e9n se ha visto respaldado por la modernizaci\u00f3n del c\u00f3digo de construcci\u00f3n en Rep\u00fablica Dominicana, que busca garantizar la seguridad y durabilidad de las edificaciones. Estas actualizaciones alinean al pa\u00eds con los est\u00e1ndares internacionales m\u00e1s exigentes, promoviendo la sostenibilidad y el bienestar de la poblaci\u00f3n.<\/p>\n<p style=\"text-align: justify;\">Robert de la Cruz enfatiza que<em> \u201cel compromiso del sector construcci\u00f3n con la excelencia contin\u00faa siendo un pilar fundamental para el desarrollo urban\u00edstico y econ\u00f3mico de Rep\u00fablica Dominicana, posicionando al pa\u00eds como l\u00edder en la regi\u00f3n en t\u00e9rminos de calidad y sostenibilidad en la construcci\u00f3n\u201d.<\/em><\/p>\n<p>Fuente: El Estado<\/p>\n","protected":false},"excerpt":{"rendered":"<p>El sector construcci\u00f3n se destaca por su compromiso con la calidad y la seguridad en<\/p>\n","protected":false},"author":1,"featured_media":41840,"comment_status":"open","ping_status":"open","sticky":false,"template":"","format":"standard","meta":{"footnotes":""},"categories":[7],"tags":[],"class_list":["post-41839","post","type-post","status-publish","format-standard","has-post-thumbnail","hentry","category-nacionales"],"_links":{"self":[{"href":"https:\/\/defrentealaverdad.com\/index.php\/wp-json\/wp\/v2\/posts\/41839","targetHints":{"allow":["GET"]}}],"collection":[{"href":"https:\/\/defrentealaverdad.com\/index.php\/wp-json\/wp\/v2\/posts"}],"about":[{"href":"https:\/\/defrentealaverdad.com\/index.php\/wp-json\/wp\/v2\/types\/post"}],"author":[{"embeddable":true,"href":"https:\/\/defrentealaverdad.com\/index.php\/wp-json\/wp\/v2\/users\/1"}],"replies":[{"embeddable":true,"href":"https:\/\/defrentealaverdad.com\/index.php\/wp-json\/wp\/v2\/comments?post=41839"}],"version-history":[{"count":1,"href":"https:\/\/defrentealaverdad.com\/index.php\/wp-json\/wp\/v2\/posts\/41839\/revisions"}],"predecessor-version":[{"id":41841,"href":"https:\/\/defrentealaverdad.com\/index.php\/wp-json\/wp\/v2\/posts\/41839\/revisions\/41841"}],"wp:featuredmedia":[{"embeddable":true,"href":"https:\/\/defrentealaverdad.com\/index.php\/wp-json\/wp\/v2\/media\/41840"}],"wp:attachment":[{"href":"https:\/\/defrentealaverdad.com\/index.php\/wp-json\/wp\/v2\/media?parent=41839"}],"wp:term":[{"taxonomy":"category","embeddable":true,"href":"https:\/\/defrentealaverdad.com\/index.php\/wp-json\/wp\/v2\/categories?post=41839"},{"taxonomy":"post_tag","embeddable":true,"href":"https:\/\/defrentealaverdad.com\/index.php\/wp-json\/wp\/v2\/tags?post=41839"}],"curies":[{"name":"wp","href":"https:\/\/api.w.org\/{rel}","templated":true}]}}