{"id":4169,"date":"2023-04-02T15:14:00","date_gmt":"2023-04-02T15:14:00","guid":{"rendered":"https:\/\/defrentealaverdad.com\/?p=4169"},"modified":"2023-04-03T15:15:07","modified_gmt":"2023-04-03T15:15:07","slug":"el-pais-tiene-mas-de-20-mil-estudiantes-con-discapacidad","status":"publish","type":"post","link":"https:\/\/defrentealaverdad.com\/index.php\/2023\/04\/02\/el-pais-tiene-mas-de-20-mil-estudiantes-con-discapacidad\/","title":{"rendered":"El pa\u00eds tiene m\u00e1s de 20 mil estudiantes con discapacidad"},"content":{"rendered":"<p style=\"text-align: justify;\"><img decoding=\"async\" data-src=\"https:\/\/img.mmc.com.do\/elcaribe-bucket\/uploads\/2023\/04\/discapacidad.jpg\" src=\"data:image\/svg+xml;base64,PHN2ZyB3aWR0aD0iMSIgaGVpZ2h0PSIxIiB4bWxucz0iaHR0cDovL3d3dy53My5vcmcvMjAwMC9zdmciPjwvc3ZnPg==\" class=\"lazyload\" \/><\/p>\n<p style=\"text-align: justify;\">El sistema educativo de Rep\u00fablica Dominicana cuenta con 24 mil 276 estudiantes que pese a tener alguna discapacidad reciben docencia tanto en centros p\u00fablicos como privados.<\/p>\n<p>Al encabezar una actividad con motivo al D\u00eda Mundial de la Concienciaci\u00f3n Sobre el Autismo, la titular de la Direcci\u00f3n de Educaci\u00f3n Especial, Luc\u00eda V\u00e1squez Esp\u00ednola, dijo que el pa\u00eds tiene 30 centros educativos especializados para esas personas, de los cuales, 24 son para individuos con sordera.<\/p>\n<p>Asimismo, manifest\u00f3 que en 62 escuelas tienen habilitadas una serie de aulas para que se desarrolle la inclusi\u00f3n educativa, las cuales tienen actualmente a 1,167 estudiantes con discapacidad.<\/p>\n<p>De igual manera, detall\u00f3 que tienen nueve salones en diferentes recintos escolares donde imparten clases a alumnos sordos.\u00a0 Resalt\u00f3 que dichos escolares obtienen materiales adaptados para su uso que se realizan en el Centro Nacional de Recursos Holga Estrella, que da apertura a todas las situaciones de discapacidad.<\/p>\n<p>V\u00e1squez adem\u00e1s destac\u00f3, que en un mes tendr\u00e1n un espacio en la escuela La Virgen de La Victoria, donde recibir\u00e1n a los estudiantes con autismo mayores de 15 a\u00f1os para comenzar un trabajo de transici\u00f3n para la vida adulta.<\/p>\n<p>\u201cPedimos a la sociedad para que nos siga apoyando con esos estudiantes, identific\u00e1ndolos para saber qui\u00e9nes son y d\u00f3nde est\u00e1n, sobre todo que edad tienen para saber a qu\u00e9 estrategia de escolarizaci\u00f3n deben ser llevados\u201d, expres\u00f3.<\/p>\n<p><strong>Trabajos<br \/>\n<\/strong><br \/>\nComo parte de las labores de inclusi\u00f3n en la escuela para los ni\u00f1os con discapacidad, Lucia V\u00e1squez se\u00f1al\u00f3 que con la coordinaci\u00f3n del Fondo de las Naciones Unidas para la Infancia (Unicef) est\u00e1n fortaleciendo la pol\u00edtica de educaci\u00f3n inclusiva con la reconversi\u00f3n de los servicios en la escuela Santa Teresa de Jes\u00fas Fe y Alegr\u00eda de San Juan de la Maguana; la Generosa Ferreira de Santiago, as\u00ed como en la Leonor Feltz de Guerra, la Minerva Mirabal de Sabana Perdida y en otros recintos educativos.<\/p>\n<p>Del mismo modo, explic\u00f3 que se est\u00e1n fortaleciendo las capacidades de los t\u00e9cnicos nacionales, regionales y distritales, para que la inserci\u00f3n de esos estudiantes en el sistema educativo nacional sea exitosa.<\/p>\n<p>V\u00e1squez agreg\u00f3 que la formaci\u00f3n de todos los docentes tambi\u00e9n es clave, por lo que 45 maestros ya han realizado el diplomado en educaci\u00f3n inclusiva y social orientada a la transformaci\u00f3n de la cultura de las aulas y de los centros educativos.<\/p>\n<p style=\"text-align: justify;\"><strong>C\u00f3mo los especialistas definen el autismo<\/strong><\/p>\n<div id=\"\" class=\"mmc_ads \" style=\"text-align: justify;\">\n<div id=\"div-gpt-ad-3636856666548-mmc\" class=\"\" data-google-query-id=\"CPWi5JOAjv4CFWLmKAUdL9gHog\">\n<div id=\"google_ads_iframe_\/22084339\/elCaribe_EyM_MediumBanner_InContent_1_0__container__\" style=\"text-align: justify;\">El psic\u00f3logo infanto juvenil Emmanuel Fern\u00e1ndez define el autismo como una condici\u00f3n del neurodesarrollo que hace que aquellos que la tienen tengan dificultad para la socializaci\u00f3n, pero tambi\u00e9n en la conducta. Declar\u00f3 que los afectados pueden recibir el diagn\u00f3stico a trav\u00e9s de un pediatra neur\u00f3logo o de un psic\u00f3logo y suelen tener un comportamiento de rutina, se a\u00edslan socialmente, no interact\u00faan y hablan poco.<\/div>\n<\/div>\n<\/div>\n<div style=\"text-align: justify;\"><\/div>\n<div style=\"text-align: justify;\">Fuente: Periodico El Nacional RD<\/div>\n","protected":false},"excerpt":{"rendered":"<p>El sistema educativo de Rep\u00fablica Dominicana cuenta con 24 mil 276 estudiantes que pese a<\/p>\n","protected":false},"author":1,"featured_media":0,"comment_status":"open","ping_status":"open","sticky":false,"template":"","format":"standard","meta":{"footnotes":""},"categories":[7,221],"tags":[],"class_list":["post-4169","post","type-post","status-publish","format-standard","hentry","category-nacionales","category-salud"],"_links":{"self":[{"href":"https:\/\/defrentealaverdad.com\/index.php\/wp-json\/wp\/v2\/posts\/4169","targetHints":{"allow":["GET"]}}],"collection":[{"href":"https:\/\/defrentealaverdad.com\/index.php\/wp-json\/wp\/v2\/posts"}],"about":[{"href":"https:\/\/defrentealaverdad.com\/index.php\/wp-json\/wp\/v2\/types\/post"}],"author":[{"embeddable":true,"href":"https:\/\/defrentealaverdad.com\/index.php\/wp-json\/wp\/v2\/users\/1"}],"replies":[{"embeddable":true,"href":"https:\/\/defrentealaverdad.com\/index.php\/wp-json\/wp\/v2\/comments?post=4169"}],"version-history":[{"count":2,"href":"https:\/\/defrentealaverdad.com\/index.php\/wp-json\/wp\/v2\/posts\/4169\/revisions"}],"predecessor-version":[{"id":4171,"href":"https:\/\/defrentealaverdad.com\/index.php\/wp-json\/wp\/v2\/posts\/4169\/revisions\/4171"}],"wp:attachment":[{"href":"https:\/\/defrentealaverdad.com\/index.php\/wp-json\/wp\/v2\/media?parent=4169"}],"wp:term":[{"taxonomy":"category","embeddable":true,"href":"https:\/\/defrentealaverdad.com\/index.php\/wp-json\/wp\/v2\/categories?post=4169"},{"taxonomy":"post_tag","embeddable":true,"href":"https:\/\/defrentealaverdad.com\/index.php\/wp-json\/wp\/v2\/tags?post=4169"}],"curies":[{"name":"wp","href":"https:\/\/api.w.org\/{rel}","templated":true}]}}