{"id":41622,"date":"2025-03-13T23:38:52","date_gmt":"2025-03-13T23:38:52","guid":{"rendered":"https:\/\/defrentealaverdad.com\/?p=41622"},"modified":"2025-03-13T23:38:52","modified_gmt":"2025-03-13T23:38:52","slug":"autoridades-analizan-estrategias-para-enfrentar-la-inmigracion-ilegal-en-san-pedro-de-macoris","status":"publish","type":"post","link":"https:\/\/defrentealaverdad.com\/index.php\/2025\/03\/13\/autoridades-analizan-estrategias-para-enfrentar-la-inmigracion-ilegal-en-san-pedro-de-macoris\/","title":{"rendered":"Autoridades analizan estrategias para enfrentar la inmigraci\u00f3n ilegal en San Pedro de Macor\u00eds"},"content":{"rendered":"<p>Por Felix Rubio<\/p>\n<p style=\"text-align: justify;\">San Pedro de Macor\u00eds &#8211; El director general de Migraci\u00f3n, Luis Rafael Lee Ballester, visit\u00f3 San Pedro de Macor\u00eds para sostener una reuni\u00f3n con el alcalde Rafa Ortiz y la gobernadora Yovanny Baltazar, con el prop\u00f3sito de abordar la situaci\u00f3n migratoria en la provincia y evaluar posibles soluciones para el control de la inmigraci\u00f3n ilegal.<\/p>\n<p style=\"text-align: justify;\">Durante el encuentro, Ballester resalt\u00f3 la necesidad de aplicar medidas m\u00e1s efectivas para regular el flujo migratorio y fortalecer la seguridad en la regi\u00f3n. Indic\u00f3 que la Direcci\u00f3n General de Migraci\u00f3n trabaja en estrategias para garantizar el cumplimiento de las leyes migratorias sin afectar los derechos fundamentales de las personas.<\/p>\n<p style=\"text-align: justify;\">Las autoridades locales expresaron su respaldo a las iniciativas del gobierno para mejorar la gesti\u00f3n migratoria y reforzar la coordinaci\u00f3n entre las instituciones encargadas de supervisar la entrada y permanencia de extranjeros en el pa\u00eds. Asimismo, destacaron la importancia de mantener el orden y la estabilidad en las comunidades afectadas.<\/p>\n<p style=\"text-align: justify;\">El gobierno dominicano contin\u00faa reforzando sus pol\u00edticas migratorias en distintas provincias, con operativos y medidas preventivas para reducir la inmigraci\u00f3n irregular. Se espera que este tipo de encuentros permita avanzar en soluciones concretas para regular la presencia de extranjeros en el pa\u00eds.<\/p>\n<p>&nbsp;<\/p>\n<p>Fuente: Prensa \u00danica RD<\/p>\n","protected":false},"excerpt":{"rendered":"<p>Por Felix Rubio San Pedro de Macor\u00eds &#8211; El director general de Migraci\u00f3n, Luis Rafael<\/p>\n","protected":false},"author":1,"featured_media":41623,"comment_status":"open","ping_status":"open","sticky":false,"template":"","format":"standard","meta":{"footnotes":""},"categories":[7],"tags":[],"class_list":["post-41622","post","type-post","status-publish","format-standard","has-post-thumbnail","hentry","category-nacionales"],"_links":{"self":[{"href":"https:\/\/defrentealaverdad.com\/index.php\/wp-json\/wp\/v2\/posts\/41622","targetHints":{"allow":["GET"]}}],"collection":[{"href":"https:\/\/defrentealaverdad.com\/index.php\/wp-json\/wp\/v2\/posts"}],"about":[{"href":"https:\/\/defrentealaverdad.com\/index.php\/wp-json\/wp\/v2\/types\/post"}],"author":[{"embeddable":true,"href":"https:\/\/defrentealaverdad.com\/index.php\/wp-json\/wp\/v2\/users\/1"}],"replies":[{"embeddable":true,"href":"https:\/\/defrentealaverdad.com\/index.php\/wp-json\/wp\/v2\/comments?post=41622"}],"version-history":[{"count":1,"href":"https:\/\/defrentealaverdad.com\/index.php\/wp-json\/wp\/v2\/posts\/41622\/revisions"}],"predecessor-version":[{"id":41624,"href":"https:\/\/defrentealaverdad.com\/index.php\/wp-json\/wp\/v2\/posts\/41622\/revisions\/41624"}],"wp:featuredmedia":[{"embeddable":true,"href":"https:\/\/defrentealaverdad.com\/index.php\/wp-json\/wp\/v2\/media\/41623"}],"wp:attachment":[{"href":"https:\/\/defrentealaverdad.com\/index.php\/wp-json\/wp\/v2\/media?parent=41622"}],"wp:term":[{"taxonomy":"category","embeddable":true,"href":"https:\/\/defrentealaverdad.com\/index.php\/wp-json\/wp\/v2\/categories?post=41622"},{"taxonomy":"post_tag","embeddable":true,"href":"https:\/\/defrentealaverdad.com\/index.php\/wp-json\/wp\/v2\/tags?post=41622"}],"curies":[{"name":"wp","href":"https:\/\/api.w.org\/{rel}","templated":true}]}}