{"id":41616,"date":"2025-03-13T23:33:57","date_gmt":"2025-03-13T23:33:57","guid":{"rendered":"https:\/\/defrentealaverdad.com\/?p=41616"},"modified":"2025-03-13T23:35:26","modified_gmt":"2025-03-13T23:35:26","slug":"dgm-y-acnur-sostienen-reunion-de-colaboracion","status":"publish","type":"post","link":"https:\/\/defrentealaverdad.com\/index.php\/2025\/03\/13\/dgm-y-acnur-sostienen-reunion-de-colaboracion\/","title":{"rendered":"DGM y ACNUR sostienen reuni\u00f3n de colaboraci\u00f3n"},"content":{"rendered":"<div class=\"body-fauxcolumns\">\n<div class=\"fauxcolumn-outer body-fauxcolumn-outer\">\n<div class=\"cap-top\">\n<div class=\"cap-left\">Por Felix Rubio<\/div>\n<div><\/div>\n<div class=\"cap-left\" style=\"text-align: justify;\">SANTO DOMINGO.- El Director General de Migraci\u00f3n, Vicealmirante Luis Rafael Lee Ballester, ARD, y representantes en el pa\u00eds de la Agencia de la Organizaci\u00f3n de las Naciones Unidas para los Refugiados (ACNUR) sostuvieron una reuni\u00f3n de colaboraci\u00f3n en la que pasaron revista a los procedimientos de solicitudes de refugio.<\/div>\n<div><\/div>\n<div class=\"cap-left\" style=\"text-align: justify;\">El titular del organismo que controla y regula la entrada, permanencia y salida de personas en el territorio nacional destac\u00f3 la importancia del encuentro e inform\u00f3 que fue una visita de cortes\u00eda y durante la misma las partes reiteraron su compromiso de que las relaciones mutuas se mantengan amparados al marco legal vigente en la Rep\u00fablica Dominicana, a las normas del Derecho internacional y a los convenios internacionales firmados y ratificados por el Estado dominicano.<\/div>\n<div><\/div>\n<div class=\"cap-left\" style=\"text-align: justify;\">En la reuni\u00f3n participaron Pablo Vizca\u00edno, jefe de la oficina nacional de la ACNUR, y Mirya Porcheddu y Teresa V\u00e1zquez, oficiales de protecci\u00f3n de esa entidad. Tambi\u00e9n el contralmirante Juan Gilberto N\u00fa\u00f1ez Abreu, ARD, director de Control Migratorio, Licenciada Laura Mar\u00ed\u00f1ez Espinal, directora Jur\u00eddica, y el coronel Manuel A. Carrasco Guerrero, ERD, coordinador nacional de Interdicci\u00f3n de la DGM.<\/div>\n<\/div>\n<\/div>\n<\/div>\n<div class=\"content\">\n<div class=\"content-outer\">\n<div class=\"fauxborder-left content-fauxborder-left\">\n<div class=\"content-inner\">\n<div class=\"main-outer\">\n<div class=\"fauxborder-left main-fauxborder-left\">\n<div class=\"region-inner main-inner\">\n<div class=\"columns fauxcolumns\">\n<div class=\"columns-inner\">\n<div class=\"column-center-outer\">\n<div class=\"column-center-inner\">\n<div id=\"main\" class=\"main section\">\n<div id=\"Blog1\" class=\"widget Blog\" data-version=\"1\">\n<div class=\"blog-posts hfeed\">\n<div class=\"date-outer\">\n<div class=\"date-posts\">\n<div class=\"post-outer\">\n<div class=\"post hentry uncustomized-post-template\">\n<div id=\"post-body-3661419412749791865\" class=\"post-body entry-content\">\n<div>\n<div><\/div>\n<div>Fuente: Dir.\u00a0 Com. DGM<\/div>\n<\/div>\n<div><\/div>\n<div><\/div>\n<\/div>\n<div class=\"post-footer\">\n<div class=\"post-footer-line post-footer-line-1\"><\/div>\n<\/div>\n<\/div>\n<\/div>\n<\/div>\n<\/div>\n<\/div>\n<\/div>\n<\/div>\n<\/div>\n<\/div>\n<\/div>\n<\/div>\n<\/div>\n<\/div>\n<\/div>\n<\/div>\n<\/div>\n<\/div>\n<\/div>\n","protected":false},"excerpt":{"rendered":"<p>Por Felix Rubio SANTO DOMINGO.- El Director General de Migraci\u00f3n, Vicealmirante Luis Rafael Lee Ballester,<\/p>\n","protected":false},"author":1,"featured_media":41618,"comment_status":"open","ping_status":"open","sticky":false,"template":"","format":"standard","meta":{"footnotes":""},"categories":[7],"tags":[],"class_list":["post-41616","post","type-post","status-publish","format-standard","has-post-thumbnail","hentry","category-nacionales"],"_links":{"self":[{"href":"https:\/\/defrentealaverdad.com\/index.php\/wp-json\/wp\/v2\/posts\/41616","targetHints":{"allow":["GET"]}}],"collection":[{"href":"https:\/\/defrentealaverdad.com\/index.php\/wp-json\/wp\/v2\/posts"}],"about":[{"href":"https:\/\/defrentealaverdad.com\/index.php\/wp-json\/wp\/v2\/types\/post"}],"author":[{"embeddable":true,"href":"https:\/\/defrentealaverdad.com\/index.php\/wp-json\/wp\/v2\/users\/1"}],"replies":[{"embeddable":true,"href":"https:\/\/defrentealaverdad.com\/index.php\/wp-json\/wp\/v2\/comments?post=41616"}],"version-history":[{"count":1,"href":"https:\/\/defrentealaverdad.com\/index.php\/wp-json\/wp\/v2\/posts\/41616\/revisions"}],"predecessor-version":[{"id":41617,"href":"https:\/\/defrentealaverdad.com\/index.php\/wp-json\/wp\/v2\/posts\/41616\/revisions\/41617"}],"wp:featuredmedia":[{"embeddable":true,"href":"https:\/\/defrentealaverdad.com\/index.php\/wp-json\/wp\/v2\/media\/41618"}],"wp:attachment":[{"href":"https:\/\/defrentealaverdad.com\/index.php\/wp-json\/wp\/v2\/media?parent=41616"}],"wp:term":[{"taxonomy":"category","embeddable":true,"href":"https:\/\/defrentealaverdad.com\/index.php\/wp-json\/wp\/v2\/categories?post=41616"},{"taxonomy":"post_tag","embeddable":true,"href":"https:\/\/defrentealaverdad.com\/index.php\/wp-json\/wp\/v2\/tags?post=41616"}],"curies":[{"name":"wp","href":"https:\/\/api.w.org\/{rel}","templated":true}]}}