{"id":41588,"date":"2025-03-13T22:50:44","date_gmt":"2025-03-13T22:50:44","guid":{"rendered":"https:\/\/defrentealaverdad.com\/?p=41588"},"modified":"2025-03-13T22:50:44","modified_gmt":"2025-03-13T22:50:44","slug":"indotel-ofrece-detalles-de-foro-periodismo-redes-sociales-y-democracia","status":"publish","type":"post","link":"https:\/\/defrentealaverdad.com\/index.php\/2025\/03\/13\/indotel-ofrece-detalles-de-foro-periodismo-redes-sociales-y-democracia\/","title":{"rendered":"INDOTEL ofrece detalles de foro Periodismo, Redes sociales y Democracia"},"content":{"rendered":"<blockquote>\n<p style=\"text-align: justify;\">Destacan importancia de analizar impacto de plataformas digitales en la informaci\u00f3n y la democracia<\/p>\n<\/blockquote>\n<p><strong>Santo Domingo.<\/strong> \u2013 El Instituto Dominicano de las Telecomunicaciones (INDOTEL) ofreci\u00f3 detalles del foro \u201cRedes Sociales, Periodismo y Democracia\u201d, asegurando que este evento tiene como objetivo analizar el contenido publicado en los medios digitales para contribuir a la reducci\u00f3n de las desinformaciones en la era digital.<\/p>\n<p style=\"text-align: justify;\">Durante una rueda prensa encabezada por el presidente del Consejo Directivo del INDOTEL, Guido G\u00f3mez Mazara, realizada en el Sal\u00f3n Orlando Jorge Mera de la instituci\u00f3n, en la que participaron el presidente del Colegio Dominicano de Periodistas (CDP), Aurelio Henr\u00edquez, as\u00ed como los consejeros del \u00f3rgano regulador, Fausto Rosario y Juan Taveras Hern\u00e1ndez, explicaron que el foro reunir\u00e1 a expertos nacionales e internacionales para debatir sobre el papel de las plataformas digitales en el ejercicio period\u00edstico y la democracia.<\/p>\n<p style=\"text-align: justify;\">El presidente del Colegio Dominicano de Periodistas (CDP), Aurelio Henr\u00edquez, advirti\u00f3 sobre el impacto de la desinformaci\u00f3n en las redes sociales, se\u00f1alando que, seg\u00fan estudios, m\u00e1s del 67 % de las informaciones difundidas en estas plataformas son falsas. Deplor\u00f3 que el 77 % de los usuarios que comparten contenido lo hacen sin siquiera leerlo, lo que agrava la propagaci\u00f3n de noticias err\u00f3neas y distorsiona la percepci\u00f3n de la realidad en la opini\u00f3n p\u00fablica.<\/p>\n<p style=\"text-align: justify;\">De su lado, Fausto Rosario, miembro del Consejo Directivo del INDOTEL, expres\u00f3 su preocupaci\u00f3n por el creciente impacto de la desinformaci\u00f3n en las redes sociales y su efecto en la sociedad. Advirti\u00f3 que la velocidad con la que circulan las noticias, muchas veces sin verificaci\u00f3n, representa un desaf\u00edo para la credibilidad del periodismo y el acceso a informaci\u00f3n veraz. En ese sentido, reiter\u00f3 el compromiso de INDOTEL en promover espacios de debate y formaci\u00f3n que fortalezcan la responsabilidad en la difusi\u00f3n de contenidos digitales.<\/p>\n<p style=\"text-align: justify;\">Juan Taveras Hern\u00e1ndez, periodista y consejero del \u00f3rgano regulador, destac\u00f3 la importancia de reforzar los principios \u00e9ticos en el ejercicio period\u00edstico, especialmente en un entorno digital donde la inmediatez puede poner en riesgo la veracidad de la informaci\u00f3n.<\/p>\n<p style=\"text-align: justify;\">El foro se efectuar\u00e1 en el auditorio de la Universidad Iberoamericana (UNIBE) y estar\u00e1 abierto a periodistas, comunicadores, estudiantes y ciudadanos interesados en comprender mejor el papel de las redes sociales en la difusi\u00f3n de informaci\u00f3n y su impacto en la democracia. Adem\u00e1s, contar\u00e1 con un espacio dedicado a profesionales del \u00e1rea de comunicaci\u00f3n, donde se abordar\u00e1n estrategias para enfrentar la desinformaci\u00f3n, fortalecer la credibilidad de los medios y adaptarse a los desaf\u00edos del entorno digital.<\/p>\n<p>&nbsp;<\/p>\n<p>Fuente: Dir. Com. INDOTEL<\/p>\n","protected":false},"excerpt":{"rendered":"<p>Destacan importancia de analizar impacto de plataformas digitales en la informaci\u00f3n y la democracia Santo<\/p>\n","protected":false},"author":1,"featured_media":41589,"comment_status":"open","ping_status":"open","sticky":false,"template":"","format":"standard","meta":{"footnotes":""},"categories":[7],"tags":[],"class_list":["post-41588","post","type-post","status-publish","format-standard","has-post-thumbnail","hentry","category-nacionales"],"_links":{"self":[{"href":"https:\/\/defrentealaverdad.com\/index.php\/wp-json\/wp\/v2\/posts\/41588","targetHints":{"allow":["GET"]}}],"collection":[{"href":"https:\/\/defrentealaverdad.com\/index.php\/wp-json\/wp\/v2\/posts"}],"about":[{"href":"https:\/\/defrentealaverdad.com\/index.php\/wp-json\/wp\/v2\/types\/post"}],"author":[{"embeddable":true,"href":"https:\/\/defrentealaverdad.com\/index.php\/wp-json\/wp\/v2\/users\/1"}],"replies":[{"embeddable":true,"href":"https:\/\/defrentealaverdad.com\/index.php\/wp-json\/wp\/v2\/comments?post=41588"}],"version-history":[{"count":1,"href":"https:\/\/defrentealaverdad.com\/index.php\/wp-json\/wp\/v2\/posts\/41588\/revisions"}],"predecessor-version":[{"id":41590,"href":"https:\/\/defrentealaverdad.com\/index.php\/wp-json\/wp\/v2\/posts\/41588\/revisions\/41590"}],"wp:featuredmedia":[{"embeddable":true,"href":"https:\/\/defrentealaverdad.com\/index.php\/wp-json\/wp\/v2\/media\/41589"}],"wp:attachment":[{"href":"https:\/\/defrentealaverdad.com\/index.php\/wp-json\/wp\/v2\/media?parent=41588"}],"wp:term":[{"taxonomy":"category","embeddable":true,"href":"https:\/\/defrentealaverdad.com\/index.php\/wp-json\/wp\/v2\/categories?post=41588"},{"taxonomy":"post_tag","embeddable":true,"href":"https:\/\/defrentealaverdad.com\/index.php\/wp-json\/wp\/v2\/tags?post=41588"}],"curies":[{"name":"wp","href":"https:\/\/api.w.org\/{rel}","templated":true}]}}