{"id":4158,"date":"2023-04-01T15:08:15","date_gmt":"2023-04-01T15:08:15","guid":{"rendered":"https:\/\/defrentealaverdad.com\/?p=4158"},"modified":"2023-04-03T15:11:46","modified_gmt":"2023-04-03T15:11:46","slug":"republica-dominicana-encabeza-lista-de-jugadores-nacidos-fuera-de-estados-unidos-en-mlb","status":"publish","type":"post","link":"https:\/\/defrentealaverdad.com\/index.php\/2023\/04\/01\/republica-dominicana-encabeza-lista-de-jugadores-nacidos-fuera-de-estados-unidos-en-mlb\/","title":{"rendered":"Rep\u00fablica Dominicana encabeza lista de jugadores nacidos fuera de Estados Unidos en MLB"},"content":{"rendered":"<p><img decoding=\"async\" class=\"aligncenter lazyload\" data-src=\"https:\/\/blogger.googleusercontent.com\/img\/b\/R29vZ2xl\/AVvXsEgq_fEoVz_h1MeubCAaG6Grb5FG_5GQRpzzQgyD5GNQfsLIx318gaXqai2IX5VPs1KKcr2MPh7gm_27SF6fNBlv4Ek1WwL0BsNpp-j2KxyH2o4S9NfN22HB5-rdEczPKHe5iBnmyvZdpBy3YQy2-9PW_3w8liXjKRyLI-3uATtnpH2nBfhNlZf95JLV\/w640-h510\/Julio%20Urias.jpg\" src=\"data:image\/svg+xml;base64,PHN2ZyB3aWR0aD0iMSIgaGVpZ2h0PSIxIiB4bWxucz0iaHR0cDovL3d3dy53My5vcmcvMjAwMC9zdmciPjwvc3ZnPg==\" \/><\/p>\n<p style=\"text-align: justify;\">Nueva York.- El porcentaje de peloteros de Grandes Ligas nacidos fuera del territorio continental de Estados Unidos permaneci\u00f3 relativamente estable por cuarto d\u00eda inaugural consecutivo. La temporada de MLB 2023, inici\u00f3 el reci\u00e9n pasado jueves, 30 de abril.<\/p>\n<p style=\"text-align: justify;\">Grandes Ligas se\u00f1al\u00f3 que 269 de los 945 peloteros en los rosters de d\u00eda inaugural y listas de lesionados y de peloteros restringidos, nacieron fuera de los 50 estados, es decir un 28,5%. La cifra representa un aumento respecto al 28,2% de los rosters expandidos a 28 peloteros luego del cierre laboral del a\u00f1o pasado, 28,3% en 2021 y 28,4% en 2020, cuando se aument\u00f3 el l\u00edmite de jugadores activos de 25 a 30 durante la pandemia.<\/p>\n<p style=\"text-align: justify;\">Rep\u00fablica Dominicana encabeza la lista con 104 jugadores, su segunda mayor cantidad s\u00f3lo detr\u00e1s de los 110 en 2020. Venezuela se ubic\u00f3 segundo con 62, seguido de Cuba (21). Puerto Rico (19), M\u00e9xico (15), Canad\u00e1 (10), Jap\u00f3n (8), Colombia (7), Curazao, Panam\u00e1 y Corea del Sur (4); Bahamas y Nicaragua (2); y Aruba, Australia, Brasil, Alemania, Honduras y Taiw\u00e1n (1).<\/p>\n<p style=\"text-align: justify;\">En la foto, el mexicano Julio Ur\u00edas, abridor de los Dodgers de Los \u00c1ngeles, trabaja en la primera entrada del partido ante los Diamondbacks de Arizona, el jueves 30 de marzo de 2023, en Los \u00c1ngeles.<\/p>\n<p style=\"text-align: justify;\">El total de M\u00e9xico fue su m\u00e1s elevado desde 2005, cuando tuvo 18. Hubo 19 naciones y territorios representados, dos menos que el r\u00e9cord impuesto el a\u00f1o pasado.<\/p>\n<p style=\"text-align: justify;\">Fuente: MLB.com<\/p>\n","protected":false},"excerpt":{"rendered":"<p>Nueva York.- El porcentaje de peloteros de Grandes Ligas nacidos fuera del territorio continental de<\/p>\n","protected":false},"author":1,"featured_media":0,"comment_status":"open","ping_status":"open","sticky":false,"template":"","format":"standard","meta":{"footnotes":""},"categories":[3,16],"tags":[],"class_list":["post-4158","post","type-post","status-publish","format-standard","hentry","category-deportes","category-internacionales"],"_links":{"self":[{"href":"https:\/\/defrentealaverdad.com\/index.php\/wp-json\/wp\/v2\/posts\/4158","targetHints":{"allow":["GET"]}}],"collection":[{"href":"https:\/\/defrentealaverdad.com\/index.php\/wp-json\/wp\/v2\/posts"}],"about":[{"href":"https:\/\/defrentealaverdad.com\/index.php\/wp-json\/wp\/v2\/types\/post"}],"author":[{"embeddable":true,"href":"https:\/\/defrentealaverdad.com\/index.php\/wp-json\/wp\/v2\/users\/1"}],"replies":[{"embeddable":true,"href":"https:\/\/defrentealaverdad.com\/index.php\/wp-json\/wp\/v2\/comments?post=4158"}],"version-history":[{"count":2,"href":"https:\/\/defrentealaverdad.com\/index.php\/wp-json\/wp\/v2\/posts\/4158\/revisions"}],"predecessor-version":[{"id":4163,"href":"https:\/\/defrentealaverdad.com\/index.php\/wp-json\/wp\/v2\/posts\/4158\/revisions\/4163"}],"wp:attachment":[{"href":"https:\/\/defrentealaverdad.com\/index.php\/wp-json\/wp\/v2\/media?parent=4158"}],"wp:term":[{"taxonomy":"category","embeddable":true,"href":"https:\/\/defrentealaverdad.com\/index.php\/wp-json\/wp\/v2\/categories?post=4158"},{"taxonomy":"post_tag","embeddable":true,"href":"https:\/\/defrentealaverdad.com\/index.php\/wp-json\/wp\/v2\/tags?post=4158"}],"curies":[{"name":"wp","href":"https:\/\/api.w.org\/{rel}","templated":true}]}}