{"id":41568,"date":"2025-03-13T22:28:33","date_gmt":"2025-03-13T22:28:33","guid":{"rendered":"https:\/\/defrentealaverdad.com\/?p=41568"},"modified":"2025-03-13T22:28:33","modified_gmt":"2025-03-13T22:28:33","slug":"cristal-acevedo-impartira-conferencia-magistral-sobre-el-impacto-de-la-ia-los-podcasts-y-las-redes-sociales-en-el-periodismo","status":"publish","type":"post","link":"https:\/\/defrentealaverdad.com\/index.php\/2025\/03\/13\/cristal-acevedo-impartira-conferencia-magistral-sobre-el-impacto-de-la-ia-los-podcasts-y-las-redes-sociales-en-el-periodismo\/","title":{"rendered":"Cristal Acevedo impartir\u00e1 conferencia magistral sobre el impacto de la IA, los podcasts y las redes sociales en el periodismo"},"content":{"rendered":"<p style=\"text-align: justify;\">Santo Domingo, R.D. \u2013 La destacada periodista y experta en comunicaci\u00f3n digital, Cristal Acevedo, ofrecer\u00e1 una conferencia magistral titulada \u201cLa Revoluci\u00f3n de la Voz: C\u00f3mo la IA, los Podcasts y las Redes Sociales est\u00e1n Redefiniendo el Periodismo\u201d en el marco de la Cumbre Internacional de la Voz. El evento se llevar\u00e1 a cabo el s\u00e1bado 5 de abril, de 9:00 a.m. a 2:00 p.m., en el Sal\u00f3n Juan Bosch de la Biblioteca Nacional Pedro Henr\u00edquez Ure\u00f1a.<\/p>\n<p style=\"text-align: justify;\">Esta conferencia promete brindar una mirada profunda y actualizada sobre c\u00f3mo las nuevas tecnolog\u00edas, especialmente la inteligencia artificial, el crecimiento de los podcasts y la influencia de las redes sociales, est\u00e1n transformando la manera en que se ejerce el periodismo y se conecta con las audiencias.<\/p>\n<p style=\"text-align: justify;\">La Cumbre Internacional de la Voz tambi\u00e9n servir\u00e1 como escenario para la celebraci\u00f3n del 9no aniversario de la Agencia de Prensa Mundial (APM), consolid\u00e1ndose como un evento clave para profesionales y entusiastas de la comunicaci\u00f3n y el periodismo.<\/p>\n<p style=\"text-align: justify;\">La participaci\u00f3n de Cristal Acevedo en este evento constituye una oportunidad \u00fanica para aquellos interesados en comprender y adaptarse a las nuevas tendencias que est\u00e1n redefiniendo el panorama medi\u00e1tico global.<\/p>\n<blockquote>\n<p style=\"text-align: center;\">\u00a1No te lo pierdas!<\/p>\n<\/blockquote>\n<p>Fuente: CRNews<\/p>\n","protected":false},"excerpt":{"rendered":"<p>Santo Domingo, R.D. \u2013 La destacada periodista y experta en comunicaci\u00f3n digital, Cristal Acevedo, ofrecer\u00e1<\/p>\n","protected":false},"author":4,"featured_media":41569,"comment_status":"open","ping_status":"open","sticky":false,"template":"","format":"standard","meta":{"footnotes":""},"categories":[7],"tags":[],"class_list":["post-41568","post","type-post","status-publish","format-standard","has-post-thumbnail","hentry","category-nacionales"],"_links":{"self":[{"href":"https:\/\/defrentealaverdad.com\/index.php\/wp-json\/wp\/v2\/posts\/41568","targetHints":{"allow":["GET"]}}],"collection":[{"href":"https:\/\/defrentealaverdad.com\/index.php\/wp-json\/wp\/v2\/posts"}],"about":[{"href":"https:\/\/defrentealaverdad.com\/index.php\/wp-json\/wp\/v2\/types\/post"}],"author":[{"embeddable":true,"href":"https:\/\/defrentealaverdad.com\/index.php\/wp-json\/wp\/v2\/users\/4"}],"replies":[{"embeddable":true,"href":"https:\/\/defrentealaverdad.com\/index.php\/wp-json\/wp\/v2\/comments?post=41568"}],"version-history":[{"count":1,"href":"https:\/\/defrentealaverdad.com\/index.php\/wp-json\/wp\/v2\/posts\/41568\/revisions"}],"predecessor-version":[{"id":41570,"href":"https:\/\/defrentealaverdad.com\/index.php\/wp-json\/wp\/v2\/posts\/41568\/revisions\/41570"}],"wp:featuredmedia":[{"embeddable":true,"href":"https:\/\/defrentealaverdad.com\/index.php\/wp-json\/wp\/v2\/media\/41569"}],"wp:attachment":[{"href":"https:\/\/defrentealaverdad.com\/index.php\/wp-json\/wp\/v2\/media?parent=41568"}],"wp:term":[{"taxonomy":"category","embeddable":true,"href":"https:\/\/defrentealaverdad.com\/index.php\/wp-json\/wp\/v2\/categories?post=41568"},{"taxonomy":"post_tag","embeddable":true,"href":"https:\/\/defrentealaverdad.com\/index.php\/wp-json\/wp\/v2\/tags?post=41568"}],"curies":[{"name":"wp","href":"https:\/\/api.w.org\/{rel}","templated":true}]}}