{"id":4153,"date":"2023-04-01T15:04:16","date_gmt":"2023-04-01T15:04:16","guid":{"rendered":"https:\/\/defrentealaverdad.com\/?p=4153"},"modified":"2023-04-03T15:07:44","modified_gmt":"2023-04-03T15:07:44","slug":"ciudades-nicaraguenses-reciben-autobuses-de-fabricacion-rusa","status":"publish","type":"post","link":"https:\/\/defrentealaverdad.com\/index.php\/2023\/04\/01\/ciudades-nicaraguenses-reciben-autobuses-de-fabricacion-rusa\/","title":{"rendered":"Ciudades nicarag\u00fcenses reciben autobuses de fabricaci\u00f3n rusa"},"content":{"rendered":"<p style=\"text-align: justify;\">Los veh\u00edculos tienen una capacidad para 33 pasajeros sentados, miden 8,5 metros de largo y su velocidad m\u00e1xima es de 100 km\/h.<\/p>\n<p style=\"text-align: justify;\"><img decoding=\"async\" class=\"alignnone size-medium wp-image-4154 lazyload\" data-src=\"https:\/\/defrentealaverdad.com\/wp-content\/uploads\/2023\/04\/Sin-titulo-2-300x151.png\" alt=\"\" width=\"300\" height=\"151\" data-srcset=\"https:\/\/defrentealaverdad.com\/wp-content\/uploads\/2023\/04\/Sin-titulo-2-300x151.png 300w, https:\/\/defrentealaverdad.com\/wp-content\/uploads\/2023\/04\/Sin-titulo-2.png 316w\" data-sizes=\"(max-width: 300px) 100vw, 300px\" src=\"data:image\/svg+xml;base64,PHN2ZyB3aWR0aD0iMSIgaGVpZ2h0PSIxIiB4bWxucz0iaHR0cDovL3d3dy53My5vcmcvMjAwMC9zdmciPjwvc3ZnPg==\" style=\"--smush-placeholder-width: 300px; --smush-placeholder-aspect-ratio: 300\/151;\" \/><\/p>\n<p style=\"text-align: justify;\">Nuevos autobuses de producci\u00f3n rusa\u00a0ofrecidos a\u00a0Managua por Mosc\u00fa ya han empezado a llegar a las ciudades de Nicaragua. Este a\u00f1o, Rusia ya envi\u00f3 a\u00a0Nicaragua 150 veh\u00edculos que\u00a0se distribuyeron\u00a0entre distintos departamentos y municipios del pa\u00eds.<\/p>\n<p style=\"text-align: justify;\">Los\u00a0<a href=\"https:\/\/actualidad.rt.com\/actualidad\/456789-nicaragua-lote-150-autobuses-rusos-transporte\" target=\"_blank\" rel=\"nofollow noopener noreferrer\">autobuses<\/a>\u00a0de la marca PAZ (por las siglas en ruso de P\u00e1vlovski Avt\u00f3busni Zavod), al entregarse a los transportistas de distintas regiones del pa\u00eds centroamericano, facilitar\u00e1n significativamente el d\u00eda a d\u00eda de sus habitantes.<\/p>\n<div class=\"ReadMore-root Section-root Section-is1to3-xs_is1to1\" style=\"text-align: justify;\" data-widgets=\"ReadMore\">\n<div class=\"Section-container Section-isRow-isTop-isWrap\">\n<article class=\"Card-root Card-is1to1 \">\n<div class=\"Card-imageWrap\">\n<div class=\"Card-picture\">\n<picture class=\"Picture-root Picture-default\"><source srcset=\" https:\/\/mf.b37mrtl.ru\/actualidad\/public_images\/2015.06\/thumbnail\/55844650c46188fc4b8b45ef.png 850w, https:\/\/mf.b37mrtl.ru\/actualidad\/public_images\/2015.06\/article\/55844650c46188fc4b8b45ef.png 1960w, \" media=\"(-webkit-min-device-pixel-ratio: 2) and (min-resolution: 120dpi)\" sizes=\"280px\" data-srcset=\" https:\/\/mf.b37mrtl.ru\/actualidad\/public_images\/2015.06\/thumbnail\/55844650c46188fc4b8b45ef.png 850w, https:\/\/mf.b37mrtl.ru\/actualidad\/public_images\/2015.06\/article\/55844650c46188fc4b8b45ef.png 1960w, \" \/><source srcset=\" https:\/\/mf.b37mrtl.ru\/actualidad\/public_images\/2015.06\/thumbnail\/55844650c46188fc4b8b45ef.png 460w, https:\/\/mf.b37mrtl.ru\/actualidad\/public_images\/2015.06\/article\/55844650c46188fc4b8b45ef.png 980w, \" sizes=\"280px\" data-srcset=\" https:\/\/mf.b37mrtl.ru\/actualidad\/public_images\/2015.06\/thumbnail\/55844650c46188fc4b8b45ef.png 460w, https:\/\/mf.b37mrtl.ru\/actualidad\/public_images\/2015.06\/article\/55844650c46188fc4b8b45ef.png 980w, \" \/><img decoding=\"async\" class=\"Picture-root Picture-default lazyautosizes lazyloaded\" src=\"https:\/\/mf.b37mrtl.ru\/actualidad\/public_images\/2015.06\/thumbnail\/55844650c46188fc4b8b45ef.png\" sizes=\"280px\" alt=\"Ministro de Nicaragua: &quot;Buscamos fortalecer cada vez m\u00e1s la cooperaci\u00f3n con Rusia&quot;\" data-sizes=\"auto\" data-src=\"https:\/\/mf.b37mrtl.ru\/actualidad\/public_images\/2015.06\/thumbnail\/55844650c46188fc4b8b45ef.png\" \/><\/picture>\n<div class=\"Picture-withVideo\"><\/div>\n<\/div>\n<\/div>\n<div class=\"Card-contentWrap\">\n<div class=\"Card-content\">\n<div class=\"Card-title\">\n<div class=\"HeaderNews-root HeaderNews-type_6 \">Ministro de Nicaragua: \u00abBuscamos fortalecer cada vez m\u00e1s la cooperaci\u00f3n con Rusia\u00bb<\/div>\n<\/div>\n<\/div>\n<\/div>\n<\/article>\n<\/div>\n<\/div>\n<p style=\"text-align: justify;\">Estos\u00a0veh\u00edculos tienen una capacidad para\u00a0<strong>33 pasajeros sentados<\/strong>, miden 8,5 metros de largo y est\u00e1n equipados con frenos de aire, as\u00ed como con sistemas de frenado secundario. Su velocidad m\u00e1xima es de 100 km\/h.<\/p>\n<p style=\"text-align: justify;\">Los autobuses rusos han contribuido al plan del Gobierno de\u00a0<strong>renovar el parque automotor<\/strong>\u00a0a nivel estatal para que los ciudadanos puedan gozar de un sistema de transporte seguro y confortable.<\/p>\n<p style=\"text-align: justify;\">Durante el evento celebrado\u00a0hace dos meses con motivo de la llegada del primer lote de este a\u00f1o, el presidente nicarag\u00fcense, Daniel Ortega, enfatiz\u00f3 la cooperaci\u00f3n en materia de buses entre su Gobierno y Rusia que se materializ\u00f3 en la entrega de 380 veh\u00edculos en 2009, 170 m\u00e1s en 2012 y otras 250 unidades en 2021.<\/p>\n<h3 style=\"text-align: justify;\">Visita de Moncada a Mosc\u00fa<\/h3>\n<p style=\"text-align: justify;\">El ministro de Relaciones Exteriores de Nicaragua, Denis Moncada, y su hom\u00f3logo ruso, Sergu\u00e9i Lavrov,\u00a0se reunieron\u00a0este\u00a0jueves en Mosc\u00fa para acordar planes conjuntos en el campo acad\u00e9mico, t\u00e9cnico-cient\u00edfico, cultural y humanitario.<\/p>\n<p style=\"text-align: justify;\">En el marco de esta reuni\u00f3n,\u00a0ambos cancilleres\u00a0se comprometieron a cooperar en el uso del espacio con fines pac\u00edficos, en\u00a0<strong>los suministros por parte de Rusia de trigo y autobuses<\/strong>\u00a0al pa\u00eds centroamericano, as\u00ed como la asistencia a la modernizaci\u00f3n de su infraestructura, entre otros temas.<\/p>\n<div class=\"EmbedBlock-root EmbedBlock-externalVideo EmbedBlock-vk\" style=\"text-align: justify;\"><\/div>\n<div>Fuente: Actualidad RD<\/div>\n","protected":false},"excerpt":{"rendered":"<p>Los veh\u00edculos tienen una capacidad para 33 pasajeros sentados, miden 8,5 metros de largo y<\/p>\n","protected":false},"author":1,"featured_media":0,"comment_status":"open","ping_status":"open","sticky":false,"template":"","format":"standard","meta":{"footnotes":""},"categories":[2,16],"tags":[],"class_list":["post-4153","post","type-post","status-publish","format-standard","hentry","category-economicas","category-internacionales"],"_links":{"self":[{"href":"https:\/\/defrentealaverdad.com\/index.php\/wp-json\/wp\/v2\/posts\/4153","targetHints":{"allow":["GET"]}}],"collection":[{"href":"https:\/\/defrentealaverdad.com\/index.php\/wp-json\/wp\/v2\/posts"}],"about":[{"href":"https:\/\/defrentealaverdad.com\/index.php\/wp-json\/wp\/v2\/types\/post"}],"author":[{"embeddable":true,"href":"https:\/\/defrentealaverdad.com\/index.php\/wp-json\/wp\/v2\/users\/1"}],"replies":[{"embeddable":true,"href":"https:\/\/defrentealaverdad.com\/index.php\/wp-json\/wp\/v2\/comments?post=4153"}],"version-history":[{"count":2,"href":"https:\/\/defrentealaverdad.com\/index.php\/wp-json\/wp\/v2\/posts\/4153\/revisions"}],"predecessor-version":[{"id":4156,"href":"https:\/\/defrentealaverdad.com\/index.php\/wp-json\/wp\/v2\/posts\/4153\/revisions\/4156"}],"wp:attachment":[{"href":"https:\/\/defrentealaverdad.com\/index.php\/wp-json\/wp\/v2\/media?parent=4153"}],"wp:term":[{"taxonomy":"category","embeddable":true,"href":"https:\/\/defrentealaverdad.com\/index.php\/wp-json\/wp\/v2\/categories?post=4153"},{"taxonomy":"post_tag","embeddable":true,"href":"https:\/\/defrentealaverdad.com\/index.php\/wp-json\/wp\/v2\/tags?post=4153"}],"curies":[{"name":"wp","href":"https:\/\/api.w.org\/{rel}","templated":true}]}}