{"id":4126,"date":"2023-03-31T13:06:39","date_gmt":"2023-03-31T13:06:39","guid":{"rendered":"https:\/\/defrentealaverdad.com\/?p=4126"},"modified":"2023-03-31T13:06:39","modified_gmt":"2023-03-31T13:06:39","slug":"con-diversos-actos-y-un-vistoso-desfile-civico-militar-fuerzas-armadas-celebran-el-179-aniversario-de-la-batalla-del-30-marzo","status":"publish","type":"post","link":"https:\/\/defrentealaverdad.com\/index.php\/2023\/03\/31\/con-diversos-actos-y-un-vistoso-desfile-civico-militar-fuerzas-armadas-celebran-el-179-aniversario-de-la-batalla-del-30-marzo\/","title":{"rendered":"Con diversos actos y un vistoso desfile c\u00edvico-militar Fuerzas Armadas celebran el 179 Aniversario de la Batalla del 30 Marzo]"},"content":{"rendered":"<p style=\"text-align: justify;\">Por Felix Rubio<\/p>\n<p style=\"text-align: justify;\"><img decoding=\"async\" data-src=\"https:\/\/blogger.googleusercontent.com\/img\/b\/R29vZ2xl\/AVvXsEjYgseNFdBQaAHtZR2PdKH9ooFOHkVHCwBxZM8ukoau6Bc9EnAx2VSVU53k_dkv8VFHKUXVv2h1RN7LRtL95cZ1Dru1XBmS2DwEnq0A4JOkClH8V1omZN_WdvfHJ2Fj2smYm3nHReF_nGwgDuZ3tvEGiDPzwwiXqNqPlY2X-OP2ylsQKFiGHZdIiR_H\/w400-h266\/IMG-20230330-WA0164.jpg\" src=\"data:image\/svg+xml;base64,PHN2ZyB3aWR0aD0iMSIgaGVpZ2h0PSIxIiB4bWxucz0iaHR0cDovL3d3dy53My5vcmcvMjAwMC9zdmciPjwvc3ZnPg==\" class=\"lazyload\" \/><\/p>\n<p style=\"text-align: justify;\">Con diferentes actos, que culminaron con un desfile c\u00edvico-militar encabezado por el presidente Luis Rodolfo Abinader Corona y la primera dama, Raquel Arbaje, y el ministro de Defensa teniente general Carlos Luciano D\u00edaz Morfa, ERD, las Fuerzas Armadas celebraron el 179 aniversario de la Batalla del 30 Marzo.<\/p>\n<p style=\"text-align: justify;\">Con los actos se honra la memoria de los h\u00e9roes, que bajo el mando del general Jos\u00e9 Mar\u00eda Imbert, ERD, ofrendaron sus vidas con esfuerzos denodados para consolidar la Independencia Nacional reci\u00e9n lograda ese uno de 1844<\/p>\n<p style=\"text-align: justify;\">\u201cLas Fuerzas Armadas elevan, con j\u00fabilo patri\u00f3tico y compromiso misional, los estandartes de los cuerpos castrenses de la Rep\u00fablica, en se\u00f1al de respeto, gratitud y homenaje permanente a la memoria de los h\u00e9roes y m\u00e1rtires cibae\u00f1os de la Batalla de Santiago, el 30 de Marzo de 1844\u201d, indica la Orden del D\u00eda.<\/p>\n<p style=\"text-align: justify;\">Entre los combatientes del Cibao se destacaron Ram\u00f3n Mat\u00edas Mella y Castillo, Fernando Valerio, Pedro Eugenio Pelletier, Jos\u00e9 Mar\u00eda L\u00f3pez, Marcos Trinidad, Toribio Ram\u00edrez, \u00c1ngel Reyes y Jos\u00e9 Nicol\u00e1s G\u00f3mez, entre otros.<\/p>\n<p style=\"text-align: justify;\">Los actos c\u00edvicos-militares con la participaci\u00f3n de autoridades civiles de Santiago, oficiales generales y almirantes iniciaron con el izamiento de la bandera nacional y la interpretaci\u00f3n del himno nacional en el parque Imbert de la ciudad, a cargo de una compa\u00f1\u00eda del Regimiento Guardia de Honor y la Banda de M\u00fasica del Ministerio de Defensa (MIDE).<\/p>\n<p style=\"text-align: justify;\">Durante la ceremonia, que prosigui\u00f3 con los honores militares de estilo con salva de 21 ca\u00f1onazos, el coronel S\u00f3crates Suazo Ruiz, director de Historia Militar del MIDE, ley\u00f3 la rese\u00f1a de la importante batalla ocurrida en 1844.<\/p>\n<p style=\"text-align: justify;\">\u00a0Acto seguido, autoridades y delegaciones de diversas instituciones del Estado, depositaron ofrendas florales en el mausoleo de la Catedral Santiago Ap\u00f3stol, donde participaron en el tedeum, en honor a los h\u00e9roes del 30 de Marzo.<\/p>\n<p style=\"text-align: justify;\"><strong>Desfile c\u00edvico-militar<\/strong><\/p>\n<p style=\"text-align: justify;\">Con orgullo y demostraci\u00f3n de sentimiento patri\u00f3tico, las Fuerzas Armadas, la Polic\u00eda Nacional y j\u00f3venes estudiantes de centro educativos de Santiago, protagonizaron el tradicional desfile c\u00edvico-militar, encabezado por el Presidente de la Rep\u00fablica, que recorri\u00f3 las avenidas Las Carreras y Hermanas Mirabal de la ciudad.<\/p>\n<p style=\"text-align: justify;\">El desfile militar estuvo comandado por el mayor general piloto Rafael Antonio Alegr\u00eda Arias, FARD, luego se dio lectura de la Orden del D\u00eda a cargo del cadete de tercer a\u00f1o, Erik Rosario Bocio, ERD.<\/p>\n<p style=\"text-align: justify;\">Los primeros en desfilar frente a la tarima presidencial fueron los cadetes y guardiamarinas abanderados de las distintas academias militares, seguidos del Escuadr\u00f3n de Guardia de Honor del MIDE, las Fuerzas \u00c9lites,\u00a0 miembros de la Polic\u00eda Nacional y los estudiantes que vistieron sus uniformes escolares.<\/p>\n<p style=\"text-align: justify;\">En la actividad, adem\u00e1s, estuvieron presentes el ministro de la Presidencia Joel Adri\u00e1n Santos Echavarr\u00eda, el senador Eduardo Estrella, el ministro de Salud P\u00fablica, Daniel Rivera, la gobernadora provincial de Santiago, Rosa Santos, el presidente de la Comisi\u00f3n Permanente de Efem\u00e9rides Patrias, Juan Pablo Uribe, as\u00ed como el Estado Mayor general de las Fuerzas Armadas.<\/p>\n<p style=\"text-align: justify;\">De igual modo, la instituci\u00f3n militar present\u00f3 la \u201cExposici\u00f3n MIDE Fuerzas \u00c9lites 2023\u201d en la Avenida Coronel Juan Mar\u00eda Lora (frente al monumento de la ciudad de Santiago), la cual exhibe los principales elementos vanguardistas de las unidades militares\u00a0 requieren para su entrenamiento y profesionalizaci\u00f3n.<\/p>\n<p style=\"text-align: justify;\">\n<p>&nbsp;<\/p>\n<p>Fuente: El Le\u00f1o Pinto Digital<\/p>\n<p>&nbsp;<\/p>\n","protected":false},"excerpt":{"rendered":"<p>Por Felix Rubio Con diferentes actos, que culminaron con un desfile c\u00edvico-militar encabezado por el<\/p>\n","protected":false},"author":1,"featured_media":0,"comment_status":"open","ping_status":"open","sticky":false,"template":"","format":"standard","meta":{"footnotes":""},"categories":[7],"tags":[],"class_list":["post-4126","post","type-post","status-publish","format-standard","hentry","category-nacionales"],"_links":{"self":[{"href":"https:\/\/defrentealaverdad.com\/index.php\/wp-json\/wp\/v2\/posts\/4126","targetHints":{"allow":["GET"]}}],"collection":[{"href":"https:\/\/defrentealaverdad.com\/index.php\/wp-json\/wp\/v2\/posts"}],"about":[{"href":"https:\/\/defrentealaverdad.com\/index.php\/wp-json\/wp\/v2\/types\/post"}],"author":[{"embeddable":true,"href":"https:\/\/defrentealaverdad.com\/index.php\/wp-json\/wp\/v2\/users\/1"}],"replies":[{"embeddable":true,"href":"https:\/\/defrentealaverdad.com\/index.php\/wp-json\/wp\/v2\/comments?post=4126"}],"version-history":[{"count":1,"href":"https:\/\/defrentealaverdad.com\/index.php\/wp-json\/wp\/v2\/posts\/4126\/revisions"}],"predecessor-version":[{"id":4127,"href":"https:\/\/defrentealaverdad.com\/index.php\/wp-json\/wp\/v2\/posts\/4126\/revisions\/4127"}],"wp:attachment":[{"href":"https:\/\/defrentealaverdad.com\/index.php\/wp-json\/wp\/v2\/media?parent=4126"}],"wp:term":[{"taxonomy":"category","embeddable":true,"href":"https:\/\/defrentealaverdad.com\/index.php\/wp-json\/wp\/v2\/categories?post=4126"},{"taxonomy":"post_tag","embeddable":true,"href":"https:\/\/defrentealaverdad.com\/index.php\/wp-json\/wp\/v2\/tags?post=4126"}],"curies":[{"name":"wp","href":"https:\/\/api.w.org\/{rel}","templated":true}]}}