{"id":4102,"date":"2023-03-30T13:49:21","date_gmt":"2023-03-30T13:49:21","guid":{"rendered":"https:\/\/defrentealaverdad.com\/?p=4102"},"modified":"2023-03-30T13:49:55","modified_gmt":"2023-03-30T13:49:55","slug":"ministerio-de-economia-reconoce-a-representante-residente-de-jica-que-finaliza-mision-en-rd","status":"publish","type":"post","link":"https:\/\/defrentealaverdad.com\/index.php\/2023\/03\/30\/ministerio-de-economia-reconoce-a-representante-residente-de-jica-que-finaliza-mision-en-rd\/","title":{"rendered":"Ministerio de Econom\u00eda reconoce a representante residente de JICA que finaliza misi\u00f3n en RD"},"content":{"rendered":"<p><img decoding=\"async\" class=\"aligncenter lazyload\" data-src=\"https:\/\/mepyd.gob.do\/wp-content\/uploads\/2023\/03\/despedida-de-Takayuki-Kondo-rev-DIGECOOB1.jpg\" alt=\"despedida de Takayuki Kondo, rev DIGECOOB\" src=\"data:image\/svg+xml;base64,PHN2ZyB3aWR0aD0iMSIgaGVpZ2h0PSIxIiB4bWxucz0iaHR0cDovL3d3dy53My5vcmcvMjAwMC9zdmciPjwvc3ZnPg==\" \/><\/p>\n<p style=\"text-align: justify;\"><strong>Santo Domingo, Rep\u00fablica Dominicana. .<\/strong>\u00a0El Ministerio de Econom\u00eda, Planificaci\u00f3n y Desarrollo, a trav\u00e9s del Viceministerio de Cooperaci\u00f3n Internacional, reconoci\u00f3 al representante residente de la Agencia de Cooperaci\u00f3n Internacional del Jap\u00f3n (JICA), Takayuki Kondo, por su contribuci\u00f3n al pa\u00eds durante m\u00e1s de cuatro a\u00f1os, a trav\u00e9s de proyectos de cooperaci\u00f3n sobre temas de desarrollo social y territorial, mejoramiento de la competitividad y la protecci\u00f3n del medio ambiente en combinaci\u00f3n con la mitigaci\u00f3n del cambio clim\u00e1tico.<\/p>\n<p style=\"text-align: justify;\">La viceministra de Cooperaci\u00f3n Internacional del Ministerio de Econom\u00eda, Olaya Dotel, en compa\u00f1\u00eda de los viceministros de Planificaci\u00f3n e Inversi\u00f3n P\u00fablica, Luis Madera, y de Ordenamiento Territorial y Desarrollo Regional, Domingo Mat\u00edas, entreg\u00f3 una placa de reconocimiento a Kondo, en el acto de despedida celebrado en el sal\u00f3n Embajador Antonio Vargas del viceministerio.<\/p>\n<p style=\"text-align: justify;\">En la placa se consigna que se reconoce al representante residente de JICA en el pa\u00eds \u201ccomo justa valoraci\u00f3n a su destacada labor y entrega, a trav\u00e9s de ese organismo diplom\u00e1tico que trabaja en beneficio del pa\u00eds\u201d.<\/p>\n<p style=\"text-align: justify;\">La viceministra Dotel, y los viceministros Madera y Mat\u00edas, agradeci\u00f3 a Kondo, en nombre del Gobierno y del pueblo dominicano por su destacada labor en beneficio de mejorar la calidad de vida de la gente.<\/p>\n<p style=\"text-align: justify;\">\u201cEsta gesti\u00f3n del se\u00f1or Kondo ha generado una excelente colaboraci\u00f3n entre el Ministerio de Econom\u00eda, Planificaci\u00f3n y Desarrollo y las dem\u00e1s instituciones del Estado involucradas en este proceso de la Cooperaci\u00f3n Internacional, en diversos sectores prioritarios para el pa\u00eds, como podemos mencionar el sector turismo, educaci\u00f3n superior, condensando la cooperaci\u00f3n en estas \u00e1reas en m\u00e1s de USD$15,000,000.00 (quince millones de d\u00f3lares), lo que ha significado un apoyo fundamental para la lucha contra la desigualdad social en nuestro pa\u00eds\u201d, afirm\u00f3 Dotel.<\/p>\n<p style=\"text-align: justify;\">El viceministro Madera resalt\u00f3 la visi\u00f3n estrat\u00e9gica de Kondo y su equipo para el desarrollo territorial del pa\u00eds que est\u00e1 muy conectada con las necesidades de este.<\/p>\n<p style=\"text-align: justify;\">\u201cGracias por todas las ense\u00f1anzas, por permitir que durante todo este tiempo pudi\u00e9ramos aprovechar ese trabajo y ll\u00e9vese la convicci\u00f3n de que cay\u00f3 en terreno f\u00e9rtil y que vamos a seguir luchando para que esa semilla que ustedes han sembrado, en cuanto al desarrollo de capacidades de planificaci\u00f3n, pues se convierta realmente en un desarrollo tangible en termino de calidad de vida de la gente\u201d, expres\u00f3 el viceministro Madera.<\/p>\n<p style=\"text-align: justify;\"><strong>Proyectos de fortalecimiento municipal<\/strong><\/p>\n<p style=\"text-align: justify;\">De su lado, el viceministro Mat\u00edas, se\u00f1al\u00f3 el apoyo de la JICA en materia municipal y se refiri\u00f3 al Proyecto Desarrollo de Capacidades de Planificaci\u00f3n Territorial en la Regi\u00f3n Cibao Norte (PRODECARE)<\/p>\n<p style=\"text-align: justify;\">\u201cEl PRODECARE ha sido muy importante, porque se insert\u00f3 en la L\u00ednea Noroeste y resulta que en esa regi\u00f3n no hab\u00eda una cultura de planificaci\u00f3n municipal, cuando el proyecto se introduce se inserta la cultura de la planificaci\u00f3n en 17 gobiernos municipales\u201d, apunt\u00f3 Mat\u00edas.<\/p>\n<p style=\"text-align: justify;\">El viceministro tambi\u00e9n se refiri\u00f3 a la pol\u00edtica p\u00fablica del Gobierno con el Registro \u00danico de Demandas Ciudadanas Territoriales (RUDCT) que es el gran instrumento que permiti\u00f3 hacer la territorializaci\u00f3n que permite la participaci\u00f3n de la gente.<\/p>\n<p style=\"text-align: justify;\">Mat\u00edas indic\u00f3 que en la actualidad \u201cestamos desarrollando 91 encuentros provinciales e incluso logramos que en el Presupuesto de 2023 entrar\u00e1n 151 proyectos de inversi\u00f3n p\u00fablica, a trav\u00e9s del RUDCT y entraran 12 mil millones de pesos al Presupuesto Nacional, eso es un gran logro\u201d.<\/p>\n<p style=\"text-align: justify;\"><strong>Un gran honor<\/strong><\/p>\n<p style=\"text-align: justify;\">El representante residente JICA en el pa\u00eds, dijo que fue un gran honor haber participado en un momento hist\u00f3rico en la historia de 60 a\u00f1os de relaciones de cooperaci\u00f3n entre JICA y la Rep\u00fablica Dominicana. Kondo destac\u00f3 la r\u00e1pida recuperaci\u00f3n de Rep\u00fablica Dominicana de los efectos de la pandemia COVID-19.<\/p>\n<p style=\"text-align: justify;\">\u201cMe gustar\u00eda volver en alguna oportunidad a este pa\u00eds\u201d, concluy\u00f3 Kondo. La JICA inici\u00f3 su cooperaci\u00f3n t\u00e9cnica en 1958 y se instal\u00f3 en Rep\u00fablica Dominicana en 1964.<\/p>\n<p style=\"text-align: justify;\">Por el Ministerio de Econom\u00eda, participaron en el acto de despedida de Kondo, la directora de Cooperaci\u00f3n Bilateral, Clara Aquino, y el director de Pol\u00edticas de Desarrollo de la Zona Fronteriza Erick Dorrejo.<\/p>\n<p style=\"text-align: justify;\">Por JICA estuvieron presentes, la encargada de secci\u00f3n de programas de Cooperaci\u00f3n, Sachiko Komiyama, y el oficial senior de Programas, Huascar Pe\u00f1a. Igualmente, por el Ministerio de Relaciones Exteriores, participaron la encargada de Cooperaci\u00f3n Bilateral, Giselle Rodr\u00edguez, y el coordinador de Cooperaci\u00f3n, Samir Sansur, as\u00ed como especialistas del Viceministerio de Cooperaci\u00f3n Internacional del Ministerio de Econom\u00eda, Planificaci\u00f3n Desarrollo.<\/p>\n<p>&nbsp;<\/p>\n<p>Fuente: Viceministerio de Cooperaci\u00f3n Internacional<\/p>\n","protected":false},"excerpt":{"rendered":"<p>Santo Domingo, Rep\u00fablica Dominicana. .\u00a0El Ministerio de Econom\u00eda, Planificaci\u00f3n y Desarrollo, a trav\u00e9s del Viceministerio<\/p>\n","protected":false},"author":1,"featured_media":0,"comment_status":"open","ping_status":"open","sticky":false,"template":"","format":"standard","meta":{"footnotes":""},"categories":[7],"tags":[],"class_list":["post-4102","post","type-post","status-publish","format-standard","hentry","category-nacionales"],"_links":{"self":[{"href":"https:\/\/defrentealaverdad.com\/index.php\/wp-json\/wp\/v2\/posts\/4102","targetHints":{"allow":["GET"]}}],"collection":[{"href":"https:\/\/defrentealaverdad.com\/index.php\/wp-json\/wp\/v2\/posts"}],"about":[{"href":"https:\/\/defrentealaverdad.com\/index.php\/wp-json\/wp\/v2\/types\/post"}],"author":[{"embeddable":true,"href":"https:\/\/defrentealaverdad.com\/index.php\/wp-json\/wp\/v2\/users\/1"}],"replies":[{"embeddable":true,"href":"https:\/\/defrentealaverdad.com\/index.php\/wp-json\/wp\/v2\/comments?post=4102"}],"version-history":[{"count":2,"href":"https:\/\/defrentealaverdad.com\/index.php\/wp-json\/wp\/v2\/posts\/4102\/revisions"}],"predecessor-version":[{"id":4104,"href":"https:\/\/defrentealaverdad.com\/index.php\/wp-json\/wp\/v2\/posts\/4102\/revisions\/4104"}],"wp:attachment":[{"href":"https:\/\/defrentealaverdad.com\/index.php\/wp-json\/wp\/v2\/media?parent=4102"}],"wp:term":[{"taxonomy":"category","embeddable":true,"href":"https:\/\/defrentealaverdad.com\/index.php\/wp-json\/wp\/v2\/categories?post=4102"},{"taxonomy":"post_tag","embeddable":true,"href":"https:\/\/defrentealaverdad.com\/index.php\/wp-json\/wp\/v2\/tags?post=4102"}],"curies":[{"name":"wp","href":"https:\/\/api.w.org\/{rel}","templated":true}]}}