{"id":40999,"date":"2025-02-07T15:10:14","date_gmt":"2025-02-07T15:10:14","guid":{"rendered":"https:\/\/defrentealaverdad.com\/?p=40999"},"modified":"2025-03-08T04:12:59","modified_gmt":"2025-03-08T04:12:59","slug":"alcaldia-del-dn-y-el-banco-bhd-inauguran-sala-de-lactancia-en-el-parque-iberoamerica","status":"publish","type":"post","link":"https:\/\/defrentealaverdad.com\/index.php\/2025\/02\/07\/alcaldia-del-dn-y-el-banco-bhd-inauguran-sala-de-lactancia-en-el-parque-iberoamerica\/","title":{"rendered":"Alcald\u00eda del DN y el Banco BHD inauguran sala de lactancia en el parque Iberoam\u00e9rica"},"content":{"rendered":"<blockquote>\n<p style=\"text-align: justify;\">La entrega de la sala de lactancia se realiza al conmemorarse el D\u00eda Internacional de la Mujer<\/p>\n<\/blockquote>\n<p style=\"text-align: justify;\"><strong>Santo Domingo, DN<\/strong> \u2013 El Banco BHD y la Alcald\u00eda del Distrito Nacional inauguraron la sala de lactancia del parque Iberoam\u00e9rica, tercera sala para madres lactantes que estas organizaciones instalan en la ciudad de Santo Domingo.<\/p>\n<p style=\"text-align: justify;\">El acto de entrega estuvo encabezado por Carolina Mej\u00eda, alcaldesa del Distrito Nacional; Steven Puig, presidente del Banco BHD; V\u00edctor Atallah, ministro de Salud P\u00fablica; Josefina Navarro, vicepresidenta s\u00e9nior de Comunicaci\u00f3n Corporativa y Responsabilidad Social de BHD; Aniana V\u00e1squez, coordinadora de Cuido Mi Ciudad; Elizabeth Mateo, secretaria general del cabildo; y Yovany Moya, presidente del Concejo de Regidores del Distrito Nacional.<\/p>\n<p style=\"text-align: justify;\">Al momento de agradecer el apoyo de la entidad bancaria, la alcaldesa Carolina Mej\u00eda calific\u00f3 al BHD como un gran aliado en el impulso de la equidad de g\u00e9nero, destacando su especial impulso a la atenci\u00f3n a las madres.<\/p>\n<blockquote>\n<p style=\"text-align: justify;\">\u00abEs muy significativo poder dar y compartir estas experiencias con otras mujeres desde esa conciencia plena de la importancia que reviste la lactancia para nuestros ni\u00f1os, para nuestras madres, para nuestras familias y para la sociedad\u00bb, indic\u00f3 la alcaldesa.<\/p>\n<\/blockquote>\n<p style=\"text-align: justify;\">Asimismo, Puig asegur\u00f3 que <em>\u201cpara BHD las salas de lactancia son espacios dise\u00f1ados para contribuir con el bienestar de las mujeres en su rol de madres, sobre todo en una etapa de tanto valor para ellas y sus hijos como lo es la primera infancia. No hay mejor manera de celebrar el D\u00eda Internacional de la Mujer que entreg\u00e1ndoles a ellas y a la sociedad un espacio como este, confortable y accesible, que mejora su calidad de vida y la de sus familias\u201d.<\/em><\/p>\n<p style=\"text-align: justify;\">Puig afirm\u00f3 que como entidad, el BHD se siente satisfecho por continuar ofreciendo, junto a la Alcald\u00eda del Distrito Nacional, nuevas oportunidades que suman al desarrollo integral de la mujer en nuestro pa\u00eds.<\/p>\n<blockquote>\n<p style=\"text-align: justify;\">\u00abCon esta iniciativa, que a\u00fana esfuerzos p\u00fablicos-privados, promovemos el desarrollo integral de ellas y del n\u00facleo de nuestra sociedad, la familia\u00bb, sostuvo.<\/p>\n<\/blockquote>\n<p style=\"text-align: justify;\">Por su parte, el ministro de Salud destac\u00f3 la importancia de la lactancia para la nutrici\u00f3n de los ni\u00f1os.<\/p>\n<blockquote>\n<p style=\"text-align: justify;\">\u00abLa lactancia materna exclusiva reduce mucho las enfermedades de los ni\u00f1os y de las madres; la nutrici\u00f3n adecuada es la mejor forma de atenci\u00f3n primaria y de prevenci\u00f3n\u00bb, a\u00f1adi\u00f3 Atallah.<\/p>\n<\/blockquote>\n<p style=\"text-align: justify;\">\u00a0La nueva sala de lactancia en el parque Iberoam\u00e9rica est\u00e1 equipada con cuatro cabinas de lactancia, \u00e1rea de recepci\u00f3n, \u00e1rea de espera, freezer de almacenamiento, aire acondicionado, luces led, luces decorativas y ba\u00f1o totalmente equipado con cambiador, zafac\u00f3n de pa\u00f1ales y dispensadores sanitarios.<\/p>\n<p style=\"text-align: justify;\">Esta tercera sala entregada por BHD y ADN en el Distrito Nacional, es parte de una colaboraci\u00f3n entre ambas instituciones para promover la lactancia materna en un ambiente apropiado. La primera est\u00e1 localizada en el Centro de los H\u00e9roes, en la sede central de la Alcald\u00eda del Distrito Nacional y beneficia a las empleadas de esa entidad y de otras instituciones gubernamentales; la segunda en la Ciudad Colonial, en el lado norte del Palacio Consistorial de Santo Domingo, en la Calle El Conde.<\/p>\n<p style=\"text-align: justify;\"><strong>Parte de una estrategia de g\u00e9nero<\/strong><\/p>\n<p style=\"text-align: justify;\">El Banco BHD promueve la lactancia materna como parte de su Estrategia de G\u00e9nero Mujer que desarrolla desde el 2015. Ese mismo a\u00f1o, el banco referente de la mujer dominicana fue la primera instituci\u00f3n privada del pa\u00eds con una sala de lactancia certificada por el Ministerio de Salud P\u00fablica y la Liga de la Leche.<\/p>\n<p style=\"text-align: justify;\">En el 2017, el BHD obtuvo el sello Igualando RD, siendo la primera empresa de Rep\u00fablica Dominicana en acreditar sus pr\u00e1cticas laborales de igualdad y equidad de g\u00e9nero, obteniendo la primera certificaci\u00f3n en el nivel Oro. En 2020 logr\u00f3 un puntaje de 100 %, acredit\u00e1ndose con nivel Platino, mayor nivel, que ha mantenido por cuatro a\u00f1os consecutivos.<\/p>\n<p>Fuente: Prensa ADN<\/p>\n","protected":false},"excerpt":{"rendered":"<p>La entrega de la sala de lactancia se realiza al conmemorarse el D\u00eda Internacional de<\/p>\n","protected":false},"author":4,"featured_media":41000,"comment_status":"open","ping_status":"open","sticky":false,"template":"","format":"standard","meta":{"footnotes":""},"categories":[7],"tags":[],"class_list":["post-40999","post","type-post","status-publish","format-standard","has-post-thumbnail","hentry","category-nacionales"],"_links":{"self":[{"href":"https:\/\/defrentealaverdad.com\/index.php\/wp-json\/wp\/v2\/posts\/40999","targetHints":{"allow":["GET"]}}],"collection":[{"href":"https:\/\/defrentealaverdad.com\/index.php\/wp-json\/wp\/v2\/posts"}],"about":[{"href":"https:\/\/defrentealaverdad.com\/index.php\/wp-json\/wp\/v2\/types\/post"}],"author":[{"embeddable":true,"href":"https:\/\/defrentealaverdad.com\/index.php\/wp-json\/wp\/v2\/users\/4"}],"replies":[{"embeddable":true,"href":"https:\/\/defrentealaverdad.com\/index.php\/wp-json\/wp\/v2\/comments?post=40999"}],"version-history":[{"count":1,"href":"https:\/\/defrentealaverdad.com\/index.php\/wp-json\/wp\/v2\/posts\/40999\/revisions"}],"predecessor-version":[{"id":41001,"href":"https:\/\/defrentealaverdad.com\/index.php\/wp-json\/wp\/v2\/posts\/40999\/revisions\/41001"}],"wp:featuredmedia":[{"embeddable":true,"href":"https:\/\/defrentealaverdad.com\/index.php\/wp-json\/wp\/v2\/media\/41000"}],"wp:attachment":[{"href":"https:\/\/defrentealaverdad.com\/index.php\/wp-json\/wp\/v2\/media?parent=40999"}],"wp:term":[{"taxonomy":"category","embeddable":true,"href":"https:\/\/defrentealaverdad.com\/index.php\/wp-json\/wp\/v2\/categories?post=40999"},{"taxonomy":"post_tag","embeddable":true,"href":"https:\/\/defrentealaverdad.com\/index.php\/wp-json\/wp\/v2\/tags?post=40999"}],"curies":[{"name":"wp","href":"https:\/\/api.w.org\/{rel}","templated":true}]}}