{"id":40837,"date":"2025-03-04T17:13:18","date_gmt":"2025-03-04T17:13:18","guid":{"rendered":"https:\/\/defrentealaverdad.com\/?p=40837"},"modified":"2025-03-04T17:13:18","modified_gmt":"2025-03-04T17:13:18","slug":"diputado-manuel-nunez-impulsa-proyecto-para-designar-polideportivo-jardines-del-norte-con-el-nombre-de-cesar-augusto-gomez-ozuna-pupilo","status":"publish","type":"post","link":"https:\/\/defrentealaverdad.com\/index.php\/2025\/03\/04\/diputado-manuel-nunez-impulsa-proyecto-para-designar-polideportivo-jardines-del-norte-con-el-nombre-de-cesar-augusto-gomez-ozuna-pupilo\/","title":{"rendered":"Diputado Manuel N\u00fa\u00f1ez impulsa proyecto para designar Polideportivo Jardines del Norte con el nombre de C\u00e9sar Augusto G\u00f3mez Ozuna (Pupilo)"},"content":{"rendered":"<p style=\"text-align: justify;\">Santo Domingo, R.D. \u2013 En un importante paso legislativo, el diputado Manuel N\u00fa\u00f1ez present\u00f3 ante la C\u00e1mara de Diputados un proyecto de ley que busca designar el Polideportivo Jardines del Norte con el nombre de C\u00e9sar Augusto G\u00f3mez Ozuna (Pupilo), en reconocimiento a su trayectoria y aporte al desarrollo deportivo en la comunidad.<\/p>\n<p style=\"text-align: justify;\">Durante su intervenci\u00f3n, el legislador destac\u00f3 la importancia de rendir homenaje a figuras que han dedicado su vida al impulso del deporte y la educaci\u00f3n, subrayando que este reconocimiento es un acto de justicia y gratitud hacia el profesor G\u00f3mez Ozuna.<\/p>\n<p style=\"text-align: justify;\">\u201cHonor a quien honor merece\u201d, expres\u00f3 el diputado N\u00fa\u00f1ez, enfatizando el impacto positivo que ha tenido Pupilo en la formaci\u00f3n de j\u00f3venes atletas y en el fortalecimiento de los valores deportivos en el pa\u00eds.<\/p>\n<p style=\"text-align: justify;\">El proyecto avanza en su proceso de conocimiento dentro del Congreso Nacional, con el respaldo de diversos sectores deportivos y comunitarios que valoran la iniciativa como un merecido reconocimiento a una figura clave en el \u00e1mbito deportivo dominicano.<\/p>\n<p>Fuente: Milc\u00edades Guevara De La Paz (MILGUEDEP)<\/p>\n","protected":false},"excerpt":{"rendered":"<p>Santo Domingo, R.D. \u2013 En un importante paso legislativo, el diputado Manuel N\u00fa\u00f1ez present\u00f3 ante<\/p>\n","protected":false},"author":1,"featured_media":40838,"comment_status":"open","ping_status":"open","sticky":false,"template":"","format":"standard","meta":{"footnotes":""},"categories":[7],"tags":[],"class_list":["post-40837","post","type-post","status-publish","format-standard","has-post-thumbnail","hentry","category-nacionales"],"_links":{"self":[{"href":"https:\/\/defrentealaverdad.com\/index.php\/wp-json\/wp\/v2\/posts\/40837","targetHints":{"allow":["GET"]}}],"collection":[{"href":"https:\/\/defrentealaverdad.com\/index.php\/wp-json\/wp\/v2\/posts"}],"about":[{"href":"https:\/\/defrentealaverdad.com\/index.php\/wp-json\/wp\/v2\/types\/post"}],"author":[{"embeddable":true,"href":"https:\/\/defrentealaverdad.com\/index.php\/wp-json\/wp\/v2\/users\/1"}],"replies":[{"embeddable":true,"href":"https:\/\/defrentealaverdad.com\/index.php\/wp-json\/wp\/v2\/comments?post=40837"}],"version-history":[{"count":1,"href":"https:\/\/defrentealaverdad.com\/index.php\/wp-json\/wp\/v2\/posts\/40837\/revisions"}],"predecessor-version":[{"id":40839,"href":"https:\/\/defrentealaverdad.com\/index.php\/wp-json\/wp\/v2\/posts\/40837\/revisions\/40839"}],"wp:featuredmedia":[{"embeddable":true,"href":"https:\/\/defrentealaverdad.com\/index.php\/wp-json\/wp\/v2\/media\/40838"}],"wp:attachment":[{"href":"https:\/\/defrentealaverdad.com\/index.php\/wp-json\/wp\/v2\/media?parent=40837"}],"wp:term":[{"taxonomy":"category","embeddable":true,"href":"https:\/\/defrentealaverdad.com\/index.php\/wp-json\/wp\/v2\/categories?post=40837"},{"taxonomy":"post_tag","embeddable":true,"href":"https:\/\/defrentealaverdad.com\/index.php\/wp-json\/wp\/v2\/tags?post=40837"}],"curies":[{"name":"wp","href":"https:\/\/api.w.org\/{rel}","templated":true}]}}