{"id":40828,"date":"2025-03-04T16:09:24","date_gmt":"2025-03-04T16:09:24","guid":{"rendered":"https:\/\/defrentealaverdad.com\/?p=40828"},"modified":"2025-03-04T16:09:24","modified_gmt":"2025-03-04T16:09:24","slug":"realizaran-el-primer-encuentro-mujeres-tributaristas-2025","status":"publish","type":"post","link":"https:\/\/defrentealaverdad.com\/index.php\/2025\/03\/04\/realizaran-el-primer-encuentro-mujeres-tributaristas-2025\/","title":{"rendered":"Realizar\u00e1n el \u201cPrimer Encuentro Mujeres Tributaristas 2025\u201d\u00a0"},"content":{"rendered":"<p style=\"text-align: justify;\">La International Fiscal Association (IFA) y la Asociaci\u00f3n Tributaria de Rep\u00fablica Dominicana (ATRIRD) realizar\u00e1n dicho evento el pr\u00f3ximo 7 de marzo 2025 en el en el Hotel Aloft Marriott del Distrito Nacional de 8:00 a.m. &#8211; 11:00 a.m..<\/p>\n<p style=\"text-align: justify;\"><strong>Santo Domingo, RD.<\/strong> \u2013 Bajo el t\u00edtulo \u201cEstrategia para un mundo fiscalmente responsable: Cumplimiento, sostenibilidad y equidad\u201d, la International Fiscal Association (IFA) y la Asociaci\u00f3n Tributaria de Rep\u00fablica Dominicana (ATRIRD) realizar\u00e1n el Primer Encuentro Mujeres Tributaristas 2025, un evento que reunir\u00e1 a destacadas expertas del \u00e1mbito tributario y legal<\/p>\n<p style=\"text-align: justify;\">El encuentro tendr\u00e1 lugar el 7 de marzo de 2025, de 8:30 a. m. a 11:00 a. m., en el Hotel Aloft Marriott, ubicado en la Av. Abraham Lincoln, de Santo Domingo, Rep\u00fablica Dominicana.<\/p>\n<blockquote>\n<p style=\"text-align: justify;\">Impulsando el futuro del sistema fiscal dominicano<\/p>\n<\/blockquote>\n<p style=\"text-align: justify;\">Para este tema, el evento contar\u00e1 con la ponencia Yorlin V\u00e1squez, subdirectora jur\u00eddica de la Direcci\u00f3n General de Impuestos Internos (DGII), Germania Mont\u00e1s, pasada subdirectora general de la DGII, Fabiola Medina, Socio de Medina Garnes, Eliana Pe\u00f1a, directora legal de Claro Dominicana, y la moderaci\u00f3n estar\u00e1 a cargo Fireli Mej\u00eda, Socio de MLA.<\/p>\n<p style=\"text-align: justify;\">El tema \u201cEstrategias para un futuro fiscalmente responsable: Cumplimiento y gobernanza corporativa\u201d, estar\u00e1 impartido por las panelistas Liliam B\u00e1ez, encargada de PLAFT en DGII, Yakaira P\u00e9rez, especialista en derecho tributario, Juanita Canahuate, socio de Canahuate Rocuhes y Alexandra Gartner, VP Legal Mart\u00ed. La moderaci\u00f3n de este panel estar\u00e1 a cargo de Saya Mej\u00eda, socio de MLA.<\/p>\n<p style=\"text-align: justify;\">Este evento, organizado por WIN (Women in Network), cuenta con el respaldo de International Fiscal Association (IFA) y la Asociaci\u00f3n Tributaria de Rep\u00fablica Dominicana (ATRIRD)<\/p>\n<p style=\"text-align: justify;\">Entre los principales colaboradores para la organizaci\u00f3n de este evento est\u00e1n: Fintax Consulting, Ban Reservas, Estrella Tupete abogados, Alanube, Alegra, Medina Garnes Abogados, FORTIORI, IMPEGNA, Cabral &amp; D\u00edaz asesores legales, GESPROFI, Jim\u00e9ne-Pe\u00f1a, JPIMENTEL y AUDEA.<\/p>\n<p style=\"text-align: justify;\">El costo de participaci\u00f3n es de RD$ 4,000 para miembros de IFA y RD$ 5,000 para no miembros. Para inscripciones y m\u00e1s informaci\u00f3n, los interesados pueden comunicarse a los n\u00fameros 809-685-9171 \/ 809-685-9172 o escribir a info@atrird.com. Tambi\u00e9n pueden registrarse escaneando el c\u00f3digo QR incluido en la promoci\u00f3n oficial del evento.<\/p>\n<p>Fuente: Milciades Guevara<\/p>\n","protected":false},"excerpt":{"rendered":"<p>La International Fiscal Association (IFA) y la Asociaci\u00f3n Tributaria de Rep\u00fablica Dominicana (ATRIRD) realizar\u00e1n dicho<\/p>\n","protected":false},"author":1,"featured_media":40829,"comment_status":"open","ping_status":"open","sticky":false,"template":"","format":"standard","meta":{"footnotes":""},"categories":[7],"tags":[],"class_list":["post-40828","post","type-post","status-publish","format-standard","has-post-thumbnail","hentry","category-nacionales"],"_links":{"self":[{"href":"https:\/\/defrentealaverdad.com\/index.php\/wp-json\/wp\/v2\/posts\/40828","targetHints":{"allow":["GET"]}}],"collection":[{"href":"https:\/\/defrentealaverdad.com\/index.php\/wp-json\/wp\/v2\/posts"}],"about":[{"href":"https:\/\/defrentealaverdad.com\/index.php\/wp-json\/wp\/v2\/types\/post"}],"author":[{"embeddable":true,"href":"https:\/\/defrentealaverdad.com\/index.php\/wp-json\/wp\/v2\/users\/1"}],"replies":[{"embeddable":true,"href":"https:\/\/defrentealaverdad.com\/index.php\/wp-json\/wp\/v2\/comments?post=40828"}],"version-history":[{"count":1,"href":"https:\/\/defrentealaverdad.com\/index.php\/wp-json\/wp\/v2\/posts\/40828\/revisions"}],"predecessor-version":[{"id":40830,"href":"https:\/\/defrentealaverdad.com\/index.php\/wp-json\/wp\/v2\/posts\/40828\/revisions\/40830"}],"wp:featuredmedia":[{"embeddable":true,"href":"https:\/\/defrentealaverdad.com\/index.php\/wp-json\/wp\/v2\/media\/40829"}],"wp:attachment":[{"href":"https:\/\/defrentealaverdad.com\/index.php\/wp-json\/wp\/v2\/media?parent=40828"}],"wp:term":[{"taxonomy":"category","embeddable":true,"href":"https:\/\/defrentealaverdad.com\/index.php\/wp-json\/wp\/v2\/categories?post=40828"},{"taxonomy":"post_tag","embeddable":true,"href":"https:\/\/defrentealaverdad.com\/index.php\/wp-json\/wp\/v2\/tags?post=40828"}],"curies":[{"name":"wp","href":"https:\/\/api.w.org\/{rel}","templated":true}]}}