{"id":40825,"date":"2025-03-04T16:05:22","date_gmt":"2025-03-04T16:05:22","guid":{"rendered":"https:\/\/defrentealaverdad.com\/?p=40825"},"modified":"2025-03-04T16:05:22","modified_gmt":"2025-03-04T16:05:22","slug":"grupo-universal-lider-en-reputacion-corporativa-segun-merco-2024","status":"publish","type":"post","link":"https:\/\/defrentealaverdad.com\/index.php\/2025\/03\/04\/grupo-universal-lider-en-reputacion-corporativa-segun-merco-2024\/","title":{"rendered":"Grupo Universal, l\u00edder en reputaci\u00f3n corporativa seg\u00fan MERCO 2024"},"content":{"rendered":"<blockquote>\n<p style=\"text-align: justify;\">Este conglomerado lidera el ranking en responsabilidad ESG dentro del sector financiero de acuerdo con el primer monitor auditado del mundo.<\/p>\n<\/blockquote>\n<p style=\"text-align: justify;\">Santo Domingo, RD.-Grupo Universal se posicion\u00f3 como la empresa con mejor reputaci\u00f3n en Rep\u00fablica Dominicana, de acuerdo con la segunda edici\u00f3n del Monitor Empresarial de Reputaci\u00f3n Corporativa (MERCO) 2024, y tambi\u00e9n obtuvo el primer lugar en responsabilidad, destac\u00e1ndose en los criterios ESG (Ambiental, Social y Gobernanza) dentro del sector financiero.<\/p>\n<p style=\"text-align: justify;\">El ranking Merco L\u00edderes, incluido en el estudio, coloca a los se\u00f1ores Ernesto M. Izquierdo, presidente del consejo de administraci\u00f3n del Grupo Universal, y Rafael Izquierdo, presidente ejecutivo, entre los tres l\u00edderes con mejor reputaci\u00f3n en el sector.<\/p>\n<p style=\"text-align: justify;\">Estos resultados reflejan la confianza del mercado en la gesti\u00f3n sostenible y transparente de Grupo Universal, el impacto positivo de sus iniciativas ambientales y sociales, y la solidez de su gobernanza corporativa.<\/p>\n<p style=\"text-align: justify;\">La distinci\u00f3n refuerza el compromiso de Grupo Universal con la excelencia y las buenas pr\u00e1cticas, evidenciado por certificaciones internacionales como la del Instituto Great Place to Work.<\/p>\n<p style=\"text-align: justify;\">Desde 2011, este instituto reconoce a Grupo Universal como uno de los Mejores Lugares para Trabajar en Rep\u00fablica Dominicana, el Caribe y Latinoam\u00e9rica, destacando en la categor\u00eda de Mejores Empresas para las Mujeres y en la industria de finanzas y seguros.<\/p>\n<p style=\"text-align: justify;\">El Informe MERCO Empresas, primer monitor auditado del mundo, se basa en una metodolog\u00eda multi-audiencia que incluye seis evaluaciones y m\u00e1s de veinte fuentes de informaci\u00f3n.<\/p>\n<p style=\"text-align: justify;\">Eval\u00faa la reputaci\u00f3n empresarial mediante 1,543 encuestas, an\u00e1lisis digital (Merco Digital) y benchmarking de indicadores clave de gesti\u00f3n. KPMG realiza una revisi\u00f3n independiente del proceso y los resultados seg\u00fan la norma ISAE 3000, publicando su dictamen para cada edici\u00f3n.<\/p>\n<p style=\"text-align: justify;\"><strong>Sobre Grupo Universal<\/strong><\/p>\n<p style=\"text-align: justify;\">Es un grupo econ\u00f3mico dominicano dedicado a la inversi\u00f3n y creaci\u00f3n de soluciones financieras, de seguros y servicios, caracterizado por su solidez, liderazgo \u00e9tico, excelencia, visi\u00f3n innovadora y compromiso con el desarrollo sostenible del pa\u00eds.<\/p>\n<p style=\"text-align: justify;\"><strong>La conforman 9 empresas<\/strong><\/p>\n<p>\u25aa\ufe0e <em>Filiales de seguros:<\/em> Seguros Universal, ARS Universal, UNIT.<\/p>\n<p style=\"text-align: justify;\">\u25aa\ufe0e <em>Filiales financieras:<\/em> Fiduciaria Universal, AFI Universal<\/p>\n<p style=\"text-align: justify;\">\u25aa\ufe0e<em>Filiales de servicios:<\/em> Asistencia Universal, Administraciones Universal, Propartes, Autonovo.<\/p>\n<p>&nbsp;<\/p>\n<p>Fuente: MERCO<\/p>\n","protected":false},"excerpt":{"rendered":"<p>Este conglomerado lidera el ranking en responsabilidad ESG dentro del sector financiero de acuerdo con<\/p>\n","protected":false},"author":2,"featured_media":40826,"comment_status":"open","ping_status":"open","sticky":false,"template":"","format":"standard","meta":{"footnotes":""},"categories":[7],"tags":[],"class_list":["post-40825","post","type-post","status-publish","format-standard","has-post-thumbnail","hentry","category-nacionales"],"_links":{"self":[{"href":"https:\/\/defrentealaverdad.com\/index.php\/wp-json\/wp\/v2\/posts\/40825","targetHints":{"allow":["GET"]}}],"collection":[{"href":"https:\/\/defrentealaverdad.com\/index.php\/wp-json\/wp\/v2\/posts"}],"about":[{"href":"https:\/\/defrentealaverdad.com\/index.php\/wp-json\/wp\/v2\/types\/post"}],"author":[{"embeddable":true,"href":"https:\/\/defrentealaverdad.com\/index.php\/wp-json\/wp\/v2\/users\/2"}],"replies":[{"embeddable":true,"href":"https:\/\/defrentealaverdad.com\/index.php\/wp-json\/wp\/v2\/comments?post=40825"}],"version-history":[{"count":1,"href":"https:\/\/defrentealaverdad.com\/index.php\/wp-json\/wp\/v2\/posts\/40825\/revisions"}],"predecessor-version":[{"id":40827,"href":"https:\/\/defrentealaverdad.com\/index.php\/wp-json\/wp\/v2\/posts\/40825\/revisions\/40827"}],"wp:featuredmedia":[{"embeddable":true,"href":"https:\/\/defrentealaverdad.com\/index.php\/wp-json\/wp\/v2\/media\/40826"}],"wp:attachment":[{"href":"https:\/\/defrentealaverdad.com\/index.php\/wp-json\/wp\/v2\/media?parent=40825"}],"wp:term":[{"taxonomy":"category","embeddable":true,"href":"https:\/\/defrentealaverdad.com\/index.php\/wp-json\/wp\/v2\/categories?post=40825"},{"taxonomy":"post_tag","embeddable":true,"href":"https:\/\/defrentealaverdad.com\/index.php\/wp-json\/wp\/v2\/tags?post=40825"}],"curies":[{"name":"wp","href":"https:\/\/api.w.org\/{rel}","templated":true}]}}