{"id":40822,"date":"2025-02-25T15:56:00","date_gmt":"2025-02-25T15:56:00","guid":{"rendered":"https:\/\/defrentealaverdad.com\/?p=40822"},"modified":"2025-03-04T16:01:14","modified_gmt":"2025-03-04T16:01:14","slug":"air-century-y-euroairlines-inauguran-nueva-ruta-paris-cdg-punta-cana","status":"publish","type":"post","link":"https:\/\/defrentealaverdad.com\/index.php\/2025\/02\/25\/air-century-y-euroairlines-inauguran-nueva-ruta-paris-cdg-punta-cana\/","title":{"rendered":"Air Century y Euroairlines inauguran nueva ruta Par\u00eds CDG-Punta Cana"},"content":{"rendered":"<blockquote>\n<p style=\"font-weight: 400; text-align: justify;\"><em>En una primera etapa, los boletos podr\u00e1n reservarse a trav\u00e9s del Call Center y oficinas comerciales de Air Century, en lo que se completa la adecuaci\u00f3n de los sistemas para las compras a trav\u00e9s de la p\u00e1gina web de la aerol\u00ednea.<\/em><\/p>\n<\/blockquote>\n<p style=\"font-weight: 400; text-align: justify;\"><strong>Santo Domingo \u2013 <\/strong>La aerol\u00ednea dominicana\u00a0<strong>Air Century<\/strong>, se complace en anunciar\u00a0su alianza\u00a0con\u00a0<strong>Euroairlines<\/strong>\u00a0para comercializar la ruta Par\u00eds-Punta Cana con una frecuencia semanal, cada s\u00e1bado.<\/p>\n<blockquote>\n<p style=\"text-align: justify;\"><em>Los vuelos ser\u00e1n operados en modernas aeronaves de\u00a0<strong>World2fly,\u00a0<\/strong>la aerol\u00ednea del grupo<strong>\u00a0<\/strong>Iberostar<strong>,<\/strong>\u00a0con una frecuencia semanal cada s\u00e1bado, que, en una primera etapa, se extender\u00e1 desde febrero hasta mayo de 2025 y la segunda del 17 de noviembre al 26 de mayo de 2026.<\/em><\/p>\n<\/blockquote>\n<p style=\"font-weight: 400; text-align: justify;\">Esta alianza fortalece la presencia de\u00a0<strong>Air Century\u00a0<\/strong>en el mercado europeo, optimizando los recursos y permitiendo capitalizar la alta demanda de pasajeros desde Francia hacia Rep\u00fablica Dominicana y viceversa, generando nuevas oportunidades de negocios y creaci\u00f3n de empleos.<\/p>\n<p style=\"font-weight: 400; text-align: justify;\">De acuerdo con\u00a0<strong>Carlos Jim\u00e9nez, VP Ejecutivo de Air Century<\/strong>,<\/p>\n<blockquote>\n<p style=\"font-weight: 400; text-align: justify;\"><em>\u201c<\/em><em>Esta alianza beneficia directamente a nuestros clientes al ofrecerles una mayor conectividad y opciones de viaje entre Par\u00eds (CDG) y Punta Cana (PUJ) con una experiencia de compra m\u00e1s sencilla y conveniente. Ahora podr\u00e1n reservar los boletos a trav\u00e9s del call center u oficinas comerciales de Air Century, lo que le brinda acceso a un servicio local de atenci\u00f3n al cliente, mayores facilidades de pago y la confianza de volar con una aerol\u00ednea que conoce sus necesidades\u201d<\/em><\/p>\n<\/blockquote>\n<p style=\"font-weight: 400; text-align: justify;\"><em>Mientras que\u00a0<strong>Jos\u00e9 Luis Benito<\/strong>, Gerente Comercial del Grupo Euroairlines, expreso: <\/em><\/p>\n<blockquote>\n<p style=\"font-weight: 400;\"><em>\u201c<\/em><em>Esta nueva ruta es un paso m\u00e1s en nuestra misi\u00f3n de brindar opciones de transporte a\u00e9reo c\u00f3modas y eficientes, que satisfagan las necesidades de turistas y empresas. Rep\u00fablica Dominicana es un mercado clave para nosotros, y esta ruta directa a Par\u00eds reafirma nuestro compromiso por fortalecer la conectividad entre el Caribe y Europa\u201d.<\/em><\/p>\n<\/blockquote>\n<p style=\"font-weight: 400; text-align: justify;\">Este servicio, operado por la aerol\u00ednea\u00a0<strong>World2Fly<\/strong>, estar\u00e1 disponible en dos temporadas a lo largo del a\u00f1o: la primera, desde febrero hasta el 3 de mayo; y la segunda, del 17 de noviembre al 26 de mayo de 2026. Los vuelos tendr\u00e1n lugar una vez por semana, los s\u00e1bados, con horarios dise\u00f1ados para ofrecer la mayor comodidad a los pasajeros que se desplazan desde la Rep\u00fablica Dominicana a la capital francesa.<\/p>\n<p style=\"font-weight: 400; text-align: justify;\"><strong>World2Fly<\/strong>, la aerol\u00ednea del Grupo Iberostar, utilizara aviones Airbus A330-300 con capacidad de hasta 388 pasajeros.\u00a0Estas aeronaves destacan por sus altos est\u00e1ndares de seguridad y confort, lo que garantiza una experiencia de vuelo excelente.<\/p>\n<p style=\"font-weight: 400; text-align: justify;\">Al acto inaugural del vuelo asistieron ejecutivos de las aerol\u00edneas, del Grupo Punta Cana, as\u00ed como autoridades del sector turismo y aeron\u00e1utico.<\/p>\n<p style=\"font-weight: 400; text-align: justify;\"><strong>Acerca de Air Century<\/strong><\/p>\n<p style=\"font-weight: 400; text-align: justify;\">Empresa de transporte a\u00e9reo local e internacional fundada en Santo Domingo, Rep\u00fablica Dominicana en marzo de 1992. Sirve vuelos regulares desde los aeropuertos Internacionales La Isabela y Punta Cana a La Habana y Santiago de Cuba, Puerto Pr\u00edncipe, Hait\u00ed, Cura\u00e7ao, Aruba, Sint Marteen, Cartagena, Colombia y charters a todo el mundo. Para m\u00e1s informaci\u00f3n, visite\u00a0<a href=\"http:\/\/www.aircentury.com\/\" data-saferedirecturl=\"https:\/\/www.google.com\/url?q=http:\/\/www.aircentury.com&amp;source=gmail&amp;ust=1741189828470000&amp;usg=AOvVaw3aZVJCOwO8B22nJNDbs3HC\">www.aircentury.com<\/a><\/p>\n<p style=\"font-weight: 400; text-align: justify;\"><strong>Sobre el Grupo Euroairlines<\/strong><\/p>\n<p style=\"font-weight: 400; text-align: justify;\">El Grupo Euroairlines (<a href=\"http:\/\/www.euroairlines.es\/\" data-saferedirecturl=\"https:\/\/www.google.com\/url?q=http:\/\/www.euroairlines.es&amp;source=gmail&amp;ust=1741189828470000&amp;usg=AOvVaw0nItlqgQ7Efjoh_ARZEUKx\">www.euroairlines.es<\/a>) naci\u00f3 en Espa\u00f1a en el a\u00f1o 2000 como operador de transporte a\u00e9reo comercial. Hoy es un grupo aeron\u00e1utico que tambi\u00e9n ofrece servicios de distribuci\u00f3n a otras aerol\u00edneas a trav\u00e9s de su placa IATA Q4-291 con el apoyo de las principales agencias de viajes y GDS en m\u00e1s de 60 mercados. Euroairlines tiene su sede central en Madrid (Espa\u00f1a) y cuenta con oficinas en Nueva York, Miami, Canc\u00fan, Ciudad de M\u00e9xico, Buenos Aires, Bogot\u00e1, Lima, Sao Paulo y Santiago de Chile, as\u00ed como en otras capitales europeas. Adem\u00e1s, el Grupo Euroairlines presta servicios comerciales, de BPO y de consultoria.<\/p>\n<p>Fuente: Grupo Euroairlines<\/p>\n","protected":false},"excerpt":{"rendered":"<p>En una primera etapa, los boletos podr\u00e1n reservarse a trav\u00e9s del Call Center y oficinas<\/p>\n","protected":false},"author":2,"featured_media":40824,"comment_status":"open","ping_status":"open","sticky":false,"template":"","format":"standard","meta":{"footnotes":""},"categories":[7],"tags":[],"class_list":["post-40822","post","type-post","status-publish","format-standard","has-post-thumbnail","hentry","category-nacionales"],"_links":{"self":[{"href":"https:\/\/defrentealaverdad.com\/index.php\/wp-json\/wp\/v2\/posts\/40822","targetHints":{"allow":["GET"]}}],"collection":[{"href":"https:\/\/defrentealaverdad.com\/index.php\/wp-json\/wp\/v2\/posts"}],"about":[{"href":"https:\/\/defrentealaverdad.com\/index.php\/wp-json\/wp\/v2\/types\/post"}],"author":[{"embeddable":true,"href":"https:\/\/defrentealaverdad.com\/index.php\/wp-json\/wp\/v2\/users\/2"}],"replies":[{"embeddable":true,"href":"https:\/\/defrentealaverdad.com\/index.php\/wp-json\/wp\/v2\/comments?post=40822"}],"version-history":[{"count":1,"href":"https:\/\/defrentealaverdad.com\/index.php\/wp-json\/wp\/v2\/posts\/40822\/revisions"}],"predecessor-version":[{"id":40823,"href":"https:\/\/defrentealaverdad.com\/index.php\/wp-json\/wp\/v2\/posts\/40822\/revisions\/40823"}],"wp:featuredmedia":[{"embeddable":true,"href":"https:\/\/defrentealaverdad.com\/index.php\/wp-json\/wp\/v2\/media\/40824"}],"wp:attachment":[{"href":"https:\/\/defrentealaverdad.com\/index.php\/wp-json\/wp\/v2\/media?parent=40822"}],"wp:term":[{"taxonomy":"category","embeddable":true,"href":"https:\/\/defrentealaverdad.com\/index.php\/wp-json\/wp\/v2\/categories?post=40822"},{"taxonomy":"post_tag","embeddable":true,"href":"https:\/\/defrentealaverdad.com\/index.php\/wp-json\/wp\/v2\/tags?post=40822"}],"curies":[{"name":"wp","href":"https:\/\/api.w.org\/{rel}","templated":true}]}}