{"id":4081,"date":"2023-03-30T13:33:25","date_gmt":"2023-03-30T13:33:25","guid":{"rendered":"https:\/\/defrentealaverdad.com\/?p=4081"},"modified":"2023-03-30T13:33:25","modified_gmt":"2023-03-30T13:33:25","slug":"raquel-pena-viaja-a-japon-en-visita-oficial","status":"publish","type":"post","link":"https:\/\/defrentealaverdad.com\/index.php\/2023\/03\/30\/raquel-pena-viaja-a-japon-en-visita-oficial\/","title":{"rendered":"Raquel Pe\u00f1a viaja a Jap\u00f3n en visita oficial"},"content":{"rendered":"<p style=\"text-align: justify;\">Por Felix Rubio<\/p>\n<p><img decoding=\"async\" data-src=\"https:\/\/eldia.com.do\/wp-content\/uploads\/2023\/03\/30_03_2023-ELDIA_JUEVES_300323_-Nacionales12-1.jpg\" alt=\"Raquel Pe\u00f1a viaja a Jap\u00f3n en visita oficial\" src=\"data:image\/svg+xml;base64,PHN2ZyB3aWR0aD0iMSIgaGVpZ2h0PSIxIiB4bWxucz0iaHR0cDovL3d3dy53My5vcmcvMjAwMC9zdmciPjwvc3ZnPg==\" class=\"lazyload\" \/><\/p>\n<p style=\"text-align: justify;\"><strong>Santo Domingo.-<\/strong>La vicepresidente de la Rep\u00fablica, Raquel Pe\u00f1a, viaja a Jap\u00f3n y Corea del Sur para desarrollar una agenda oficial desde el 31 de marzo hasta el 8 de abril del 2023, inform\u00f3 la Presidencia de la Rep\u00fablica.<\/p>\n<p style=\"text-align: justify;\">Con esta se inicia la primera visita oficial a Jap\u00f3n y Corea del Sur en la gesti\u00f3n de Gobierno del presidente Luis Abinader, la cual busca estrechar y fortalecer las relaciones bilaterales entre ambos pa\u00edses en materia comercial y cultural.<\/p>\n<p style=\"text-align: justify;\">De acuerdo con una nota de Palacio, la delegaci\u00f3n oficial que acompa\u00f1ar\u00e1 a la vicemandataria estar\u00e1 compuesta por V\u00edctor Bison\u00f3, ministro de Industria, Comercio y Mipymes; Pavel Isa, ministro de Econom\u00eda, Planificaci\u00f3n y Desarrollo; Robert Takata, embajador Extraordinario y Plenipotenciario de la Rep\u00fablica Dominicana en Jap\u00f3n, y Miguel N\u00fa\u00f1ez, embajador en Misi\u00f3n Especial.<\/p>\n<p style=\"text-align: justify;\">La agenda oficial en Jap\u00f3n incluir\u00e1 encuentros con la di\u00e1spora, visita a la Prefectura de Hiroshima, di\u00e1logos acad\u00e9micos y de cooperaci\u00f3n, encuentros bilaterales al nivel diplom\u00e1tico y empresarial, entre otros.<\/p>\n<p style=\"text-align: justify;\"><strong>Corea del Sur<\/strong><br \/>\nTras concluir su agenda en Jap\u00f3n, la vicepresidente Pe\u00f1a se dirigir\u00e1 a Corea del Sur, donde desarrollar\u00e1 tambi\u00e9n una agenda oficial de tres d\u00edas que incluir\u00e1 encuentros al nivel de gobierno y empresas y retornar\u00e1 al pa\u00eds el d\u00eda 8 de abril.<\/p>\n<p>&nbsp;<\/p>\n<p>Fuente: Presidencia RD<\/p>\n","protected":false},"excerpt":{"rendered":"<p>Por Felix Rubio Santo Domingo.-La vicepresidente de la Rep\u00fablica, Raquel Pe\u00f1a, viaja a Jap\u00f3n y<\/p>\n","protected":false},"author":1,"featured_media":0,"comment_status":"open","ping_status":"open","sticky":false,"template":"","format":"standard","meta":{"footnotes":""},"categories":[2,7],"tags":[],"class_list":["post-4081","post","type-post","status-publish","format-standard","hentry","category-economicas","category-nacionales"],"_links":{"self":[{"href":"https:\/\/defrentealaverdad.com\/index.php\/wp-json\/wp\/v2\/posts\/4081","targetHints":{"allow":["GET"]}}],"collection":[{"href":"https:\/\/defrentealaverdad.com\/index.php\/wp-json\/wp\/v2\/posts"}],"about":[{"href":"https:\/\/defrentealaverdad.com\/index.php\/wp-json\/wp\/v2\/types\/post"}],"author":[{"embeddable":true,"href":"https:\/\/defrentealaverdad.com\/index.php\/wp-json\/wp\/v2\/users\/1"}],"replies":[{"embeddable":true,"href":"https:\/\/defrentealaverdad.com\/index.php\/wp-json\/wp\/v2\/comments?post=4081"}],"version-history":[{"count":1,"href":"https:\/\/defrentealaverdad.com\/index.php\/wp-json\/wp\/v2\/posts\/4081\/revisions"}],"predecessor-version":[{"id":4082,"href":"https:\/\/defrentealaverdad.com\/index.php\/wp-json\/wp\/v2\/posts\/4081\/revisions\/4082"}],"wp:attachment":[{"href":"https:\/\/defrentealaverdad.com\/index.php\/wp-json\/wp\/v2\/media?parent=4081"}],"wp:term":[{"taxonomy":"category","embeddable":true,"href":"https:\/\/defrentealaverdad.com\/index.php\/wp-json\/wp\/v2\/categories?post=4081"},{"taxonomy":"post_tag","embeddable":true,"href":"https:\/\/defrentealaverdad.com\/index.php\/wp-json\/wp\/v2\/tags?post=4081"}],"curies":[{"name":"wp","href":"https:\/\/api.w.org\/{rel}","templated":true}]}}