{"id":4071,"date":"2023-03-30T13:26:51","date_gmt":"2023-03-30T13:26:51","guid":{"rendered":"https:\/\/defrentealaverdad.com\/?p=4071"},"modified":"2023-03-30T13:27:22","modified_gmt":"2023-03-30T13:27:22","slug":"continua-incendio-en-vertedero-de-la-vega-por-falta-de-equipos-para-sofocarlo-dicen-bomberos","status":"publish","type":"post","link":"https:\/\/defrentealaverdad.com\/index.php\/2023\/03\/30\/continua-incendio-en-vertedero-de-la-vega-por-falta-de-equipos-para-sofocarlo-dicen-bomberos\/","title":{"rendered":"Contin\u00faa incendio en vertedero de La Vega por falta de equipos para sofocarlo, dicen bomberos"},"content":{"rendered":"<p style=\"text-align: justify;\"><img decoding=\"async\" data-src=\"https:\/\/images2.listindiario.com\/imagen\/2023\/03\/29\/769\/769280\/680x460\/202303292049371\/continua-incendio-en-vertedero-de-la-vega-por-falta-de-equipos-para-sofocarlo-dicen-bomberos.jpeg\" alt=\"Contin\u00faa incendio en vertedero de La Vega por falta de equipos para sofocarlo, dicen bomberos \" src=\"data:image\/svg+xml;base64,PHN2ZyB3aWR0aD0iMSIgaGVpZ2h0PSIxIiB4bWxucz0iaHR0cDovL3d3dy53My5vcmcvMjAwMC9zdmciPjwvc3ZnPg==\" class=\"lazyload\" \/><\/p>\n<p style=\"text-align: justify;\">El incendio en el vertedero municipal de La Vega se encuentra extinguido en un 60 %, seg\u00fan lo informado por\u00a0<strong>C\u00e9sar Arturo Abreu Alm\u00e1nzar<\/strong>, coronel intendente del Cuerpo de Bomberos.<\/p>\n<p style=\"text-align: justify;\">El funcionario vegano dijo que\u00a0<strong>se mantienen a la espera de ciertas ayudas complementarias entre ellas equipos pesados\u00a0<\/strong>para lograr sofocar el siniestro.<\/p>\n<p style=\"text-align: justify;\">Desde hace varias semanas ese vertedero as\u00ed como otros del pa\u00eds, han sido objeto de presuntas acciones criminales que provocan llamas dif\u00edciles de sofocar, y que torturan a las comunidades aleda\u00f1as por la humareda.<\/p>\n<p style=\"text-align: justify;\">A voz de gritos, residentes de la comunidad de Soto en esa provincia de La Vega, se mostraron desesperados ante la inaguantable situaci\u00f3n del humo que los hace sentir \u201cahogados\u201d.<\/p>\n<p style=\"text-align: justify;\">A trav\u00e9s de videos se hace posible observar c\u00f3mo con mascarillas externan que la situaci\u00f3n del vertedero \u201clos va a matar a todos\u201d. De igual manera explican que muchos han sido trasladados a hospitales por esa situaci\u00f3n que pone en peligro su salud, sobre todo a ni\u00f1os y envejecientes.<\/p>\n<p style=\"text-align: justify;\">\u201cPara extinguir un vertedero hay que penetrar con equipos pesados, no con camiones urbanos de ciudad. Por eso nos da tanto trabajo apagar ese tipo de incendios\u201d, explic\u00f3 C\u00e9sar Abreu.<\/p>\n<p style=\"text-align: justify;\">El dirigente del\u00a0<strong>Cuerpo de Bomberos mencion\u00f3 que no cuentan con camiones 4&#215;4<\/strong>\u00a0sino con camiones de ciudad, por lo que al \u201csubir a esa pila de basura a los camiones se les rompen las gomas, se les da\u00f1an las turbinas\u201d, agregando a esto el desgaste f\u00edsico de los hombres.<\/p>\n<p style=\"text-align: justify;\">Con los equipos que\u00a0<strong>se esperan, entre ellos retroexcavadoras y una pala cargadora, se permitir\u00eda ir abriendo la zona y \u201crompiendo las \u00e1reas donde est\u00e1 el incendio\u201d.<\/strong><\/p>\n<p style=\"text-align: justify;\">Esto se complementa con remojar dicha \u00e1rea para quitar la fuente de calor o llamas, y as\u00ed proceder a penetrar realizando trochas que rompan el terreno donde est\u00e1 la mayor concentraci\u00f3n. De esta manera, el tractor entra empujando la basura encontrada encima del fuego y miembros del Cuerpo de Bomberos refrescan el espacio.<\/p>\n<p style=\"text-align: justify;\">\u201cRemojamos lo que est\u00e1 debajo para que no siga vertiendo el gas metano, que es el gas principal de los incendios del vertedero\u2026 Es tan intenso el fuego que cuando se moja a los cinco minutos se seca el agua y debajo contin\u00faa\u201d, expres\u00f3.<\/p>\n<p style=\"text-align: justify;\">En las labores de sofocaci\u00f3n, que de acuerdo a Abreu se han mantenido desde hace tres semanas, se encuentran alrededor de unas 65 personas, incluyendo 15 obreros del ayuntamiento, mientras que el resto son bomberos voluntarios y permanentes.<\/p>\n<p style=\"text-align: justify;\"><strong>Guerra de intereses<\/strong><\/p>\n<p style=\"text-align: justify;\">\u201cDesde hace tres semanas el vertedero de La Vega lo est\u00e1n incendiando para hacer da\u00f1o. Hay una guerra de intereses ah\u00ed dentro\u201d, indica C\u00e9sar Abreu.<\/p>\n<p style=\"text-align: justify;\">Explica este conflicto de intereses es debido a que diversos grupos se enfrenten por apoderarse de ciertas zonas del basurero, por motivos del proceso de reciclaje y recolecci\u00f3n de desechos para as\u00ed \u201cquitar el negocio\u201d.<\/p>\n<p style=\"text-align: justify;\"><strong>Autoridades<\/strong><\/p>\n<p style=\"text-align: justify;\">La situaci\u00f3n ha motivado al alcalde La Vega,\u00a0<strong>Kelvin Cruz,<\/strong>\u00a0a manifestarse contra los \u201cdesaprensivos que van de manera oculta, a incendiar el vertedero municipal\u201d.<\/p>\n<p style=\"text-align: justify;\">\u201cA las personas que no tienen nada que buscar por el entorno del vertedero municipal, les hago un llamado que desalojen esa \u00e1rea, porque a partir de hoy se tomar\u00e1n medidas dr\u00e1sticas con cualquiera que se encuentra ah\u00ed dentro\u201d, expres\u00f3.<\/p>\n<p style=\"text-align: justify;\">Mencion\u00f3 que\u00a0<strong>el caso del vertedero ya se encuentra en manos del Ministerio de Defensa,<\/strong>\u00a0de la Direcci\u00f3n de Inteligencia de la Polic\u00eda, as\u00ed como dem\u00e1s entidades de lugar para la toma de medidas dr\u00e1sticas.<\/p>\n<p style=\"text-align: justify;\">De igual manera, el Mayor Omar Franklin Tapia Rivas, director de la Polic\u00eda Municipal, estableci\u00f3 que se est\u00e1n realizando los levantamientos de lugar para as\u00ed recabar informaciones que permitan dar con los responsables.<\/p>\n<p style=\"text-align: justify;\">El coronel Tapia explic\u00f3 que detr\u00e1s del vertedero existe una comunidad donde residen una gran cantidad de nacionales haitianos con los que \u201csiempre han tenido conflictos y enfrentamientos\u201d, esto al rumor de que las manos criminales que provocaron este incendio provengan de all\u00ed.<\/p>\n<p style=\"text-align: justify;\">\u201cEl 80 % de las personas que han servido en el vertedero son nacionales haitianos\u201d, puntualiz\u00f3.<\/p>\n<p>&nbsp;<\/p>\n<p>Fuente: Listin Diario<\/p>\n","protected":false},"excerpt":{"rendered":"<p>El incendio en el vertedero municipal de La Vega se encuentra extinguido en un 60<\/p>\n","protected":false},"author":1,"featured_media":0,"comment_status":"open","ping_status":"open","sticky":false,"template":"","format":"standard","meta":{"footnotes":""},"categories":[7],"tags":[],"class_list":["post-4071","post","type-post","status-publish","format-standard","hentry","category-nacionales"],"_links":{"self":[{"href":"https:\/\/defrentealaverdad.com\/index.php\/wp-json\/wp\/v2\/posts\/4071","targetHints":{"allow":["GET"]}}],"collection":[{"href":"https:\/\/defrentealaverdad.com\/index.php\/wp-json\/wp\/v2\/posts"}],"about":[{"href":"https:\/\/defrentealaverdad.com\/index.php\/wp-json\/wp\/v2\/types\/post"}],"author":[{"embeddable":true,"href":"https:\/\/defrentealaverdad.com\/index.php\/wp-json\/wp\/v2\/users\/1"}],"replies":[{"embeddable":true,"href":"https:\/\/defrentealaverdad.com\/index.php\/wp-json\/wp\/v2\/comments?post=4071"}],"version-history":[{"count":2,"href":"https:\/\/defrentealaverdad.com\/index.php\/wp-json\/wp\/v2\/posts\/4071\/revisions"}],"predecessor-version":[{"id":4073,"href":"https:\/\/defrentealaverdad.com\/index.php\/wp-json\/wp\/v2\/posts\/4071\/revisions\/4073"}],"wp:attachment":[{"href":"https:\/\/defrentealaverdad.com\/index.php\/wp-json\/wp\/v2\/media?parent=4071"}],"wp:term":[{"taxonomy":"category","embeddable":true,"href":"https:\/\/defrentealaverdad.com\/index.php\/wp-json\/wp\/v2\/categories?post=4071"},{"taxonomy":"post_tag","embeddable":true,"href":"https:\/\/defrentealaverdad.com\/index.php\/wp-json\/wp\/v2\/tags?post=4071"}],"curies":[{"name":"wp","href":"https:\/\/api.w.org\/{rel}","templated":true}]}}